{"id":27267,"date":"2016-08-24T17:54:28","date_gmt":"2016-08-24T17:54:28","guid":{"rendered":"http:\/\/plazajuarez.mx\/index\/index.php\/2016\/08\/24\/en-el-centro-de-atencion-infantil-comunitario-estan-de-estreno\/"},"modified":"2016-08-24T17:54:28","modified_gmt":"2016-08-24T17:54:28","slug":"en-el-centro-de-atencion-infantil-comunitario-estan-de-estreno","status":"publish","type":"post","link":"https:\/\/plazajuarez.mx\/historico\/en-el-centro-de-atencion-infantil-comunitario-estan-de-estreno\/","title":{"rendered":"En el Centro de Atenci\u00f3n Infantil Comunitario est\u00e1n de estreno"},"content":{"rendered":"<p id=\"docs-internal-guid-198455c1-bdd1-72ce-a025-a2251fc3c1eb\" dir=\"ltr\" style=\"line-height: 1.2; margin-top: 0pt; margin-bottom: 0pt;\">\u00a0<\/p>\n<p dir=\"ltr\" style=\"line-height: 1.2; margin-top: 0pt; margin-bottom: 0pt;\"><span style=\"font-size: 18.666666666666664px; font-family: 'Times New Roman'; color: #000000; background-color: transparent; font-weight: 400; font-style: normal; font-variant: normal; text-decoration: none; vertical-align: baseline;\">Con techumbre nueva en el Centro de Atenci\u00f3n Infantil Comunitario (CAIC) y entrega de \u00fatiles escolares, de manos del presidente municipal Jos\u00e9 Fernando Hern\u00e1ndez Dur\u00e1n y la presidenta del Sistema DIF municipal, Hortensia Olvera, los alumnos iniciaron el lunes clases con alegr\u00eda reflejada en sus caritas.<\/span><\/p>\n<p>  <!--more-->  <\/p>\n<p>\u00a0<\/p>\n<p dir=\"ltr\" style=\"line-height: 1.2; margin-top: 0pt; margin-bottom: 0pt;\"><span style=\"font-size: 18.666666666666664px; font-family: 'Times New Roman'; color: #000000; background-color: transparent; font-weight: 400; font-style: normal; font-variant: normal; text-decoration: none; vertical-align: baseline;\">\u00a0Los padres de familia acompa\u00f1aron a las autoridades municipales en el corte de list\u00f3n inaugural de la techumbre, que beneficia a \u00e9sta y a las siguientes generaciones.<\/span><\/p>\n<p>\u00a0<\/p>\n<p dir=\"ltr\" style=\"line-height: 1.2; margin-top: 0pt; margin-bottom: 0pt;\"><span style=\"font-size: 18.666666666666664px; font-family: 'Times New Roman'; color: #000000; background-color: transparent; font-weight: 400; font-style: normal; font-variant: normal; text-decoration: none; vertical-align: baseline;\">\u00a0La techumbre se instal\u00f3 en el \u00e1rea donde se realizan actividades deportivas, c\u00edvicas y culturales, esto gracias a la gesti\u00f3n del Sistema DIF y Presidencia Municipal.<\/span><\/p>\n<p>\u00a0<\/p>\n<p dir=\"ltr\" style=\"line-height: 1.2; margin-top: 0pt; margin-bottom: 0pt;\"><span style=\"font-size: 18.666666666666664px; font-family: 'Times New Roman'; color: #000000; background-color: transparent; font-weight: 400; font-style: normal; font-variant: normal; text-decoration: none; vertical-align: baseline;\">\u00a0Con ello mejorar\u00e1 el rendimiento de los estudiantes, junto con los logros dentro del gobierno actual en el CAIC; los 3 salones construidos, por ejemplo.<\/span><\/p>\n<p>\u00a0<\/p>\n<p dir=\"ltr\" style=\"line-height: 1.2; margin-top: 0pt; margin-bottom: 0pt;\"><span style=\"font-size: 18.666666666666664px; font-family: 'Times New Roman'; color: #000000; background-color: transparent; font-weight: 400; font-style: normal; font-variant: normal; text-decoration: none; vertical-align: baseline;\">&#8220;Los padres de familia quer\u00edan la techumbre para sus hijos. Hicimos todo lo posible y ah\u00ed est\u00e1n los resultados, con trabajo y dedicaci\u00f3n hoy los ni\u00f1os del CAIC ya no les perjudican las inclemencias del tiempo y ser\u00e1 mejor su desempe\u00f1o escolar\u201d, subray\u00f3 Hern\u00e1ndez Dur\u00e1n.\u00a0<\/span><\/p>\n<p>\u00a0<\/p>\n<p dir=\"ltr\" style=\"line-height: 1.2; margin-top: 0pt; margin-bottom: 0pt;\"><span style=\"font-size: 18.666666666666664px; font-family: 'Times New Roman'; color: #000000; background-color: transparent; font-weight: 400; font-style: normal; font-variant: normal; text-decoration: none; vertical-align: baseline;\">El Jefe del Ejecutivo municipal dese\u00f3 a los peque\u00f1os un buen inicio del ciclo escolar 2016-2017 y junto con su esposa hizo entrega simb\u00f3lica de paquetes de \u00fatiles escolares, incentiv\u00e1ndolos a obtener las mejores calificaciones, que tambi\u00e9n es lo que los padres de familia quieren.<\/span><\/p>\n<p>\u00a0<\/p>\n<p dir=\"ltr\" style=\"line-height: 1.2; margin-top: 0pt; margin-bottom: 0pt;\"><span style=\"font-size: 18.666666666666664px; font-family: 'Times New Roman'; color: #000000; background-color: transparent; font-weight: 400; font-style: normal; font-variant: normal; text-decoration: none; vertical-align: baseline;\">\u00a0El costo de la elaboraci\u00f3n de la techumbre fue de m\u00e1s de 130 mil pesos, provenientes del Fondo de Aportaci\u00f3n para la Infraestructura Social Municipal (FAISM). <\/span><\/p>\n<p>\u00a0<\/p>\n<p dir=\"ltr\" style=\"line-height: 1.2; margin-top: 0pt; margin-bottom: 0pt;\"><span style=\"font-size: 18.666666666666664px; font-family: 'Times New Roman'; color: #000000; background-color: transparent; font-weight: 400; font-style: normal; font-variant: normal; text-decoration: none; vertical-align: baseline;\">Esta techumbre tiene cubierta autosoportante de l\u00e1mina cal 24, montada sobre columnas de 40 por 40 y una altura de 3.50 metros, a base de concreto F\u00b4C=250 Kg\/cm2 y 6 varillas del no. 5, zapatas aisladas de 1.20 por 1.20 y un metro de profundidad, sistema de descarga de aguas pluviales con tuber\u00eda de P.V.C., el suministro y colocaci\u00f3n de cubierta autosoportante en arco en 120 metros cuadrados, y construcci\u00f3n de 8 columnas de cerca de cinco metros de altura, inform\u00f3 el \u00e1rea de Obras P\u00fablicas, a cargo de Miguel \u00c1ngel L\u00f3pez Lozano.<\/span><\/p>\n","protected":false},"excerpt":{"rendered":"<p>\u00a0 Con techumbre nueva en el Centro de Atenci\u00f3n Infantil Comunitario (CAIC) y entrega de \u00fatiles escolares, de manos del presidente municipal Jos\u00e9 Fernando Hern\u00e1ndez Dur\u00e1n y la presidenta del Sistema DIF municipal, Hortensia Olvera, los alumnos iniciaron el lunes clases con alegr\u00eda reflejada en sus caritas.<\/p>\n","protected":false},"author":3,"featured_media":0,"comment_status":"open","ping_status":"open","sticky":false,"template":"","format":"standard","meta":{"footnotes":""},"categories":[40],"tags":[],"class_list":["post-27267","post","type-post","status-publish","format-standard","hentry","category-region"],"_links":{"self":[{"href":"https:\/\/plazajuarez.mx\/historico\/wp-json\/wp\/v2\/posts\/27267","targetHints":{"allow":["GET"]}}],"collection":[{"href":"https:\/\/plazajuarez.mx\/historico\/wp-json\/wp\/v2\/posts"}],"about":[{"href":"https:\/\/plazajuarez.mx\/historico\/wp-json\/wp\/v2\/types\/post"}],"author":[{"embeddable":true,"href":"https:\/\/plazajuarez.mx\/historico\/wp-json\/wp\/v2\/users\/3"}],"replies":[{"embeddable":true,"href":"https:\/\/plazajuarez.mx\/historico\/wp-json\/wp\/v2\/comments?post=27267"}],"version-history":[{"count":0,"href":"https:\/\/plazajuarez.mx\/historico\/wp-json\/wp\/v2\/posts\/27267\/revisions"}],"wp:attachment":[{"href":"https:\/\/plazajuarez.mx\/historico\/wp-json\/wp\/v2\/media?parent=27267"}],"wp:term":[{"taxonomy":"category","embeddable":true,"href":"https:\/\/plazajuarez.mx\/historico\/wp-json\/wp\/v2\/categories?post=27267"},{"taxonomy":"post_tag","embeddable":true,"href":"https:\/\/plazajuarez.mx\/historico\/wp-json\/wp\/v2\/tags?post=27267"}],"curies":[{"name":"wp","href":"https:\/\/api.w.org\/{rel}","templated":true}]}}