{"id":272662,"date":"2023-07-27T06:29:00","date_gmt":"2023-07-27T12:29:00","guid":{"rendered":"https:\/\/plazajuarez.mx\/?p=272662"},"modified":"2023-07-26T18:31:28","modified_gmt":"2023-07-27T00:31:28","slug":"la-fiscalia-pide-que-sam-bankman-fried-ingrese-en-prision-a-la-espera-de-juicio","status":"publish","type":"post","link":"https:\/\/plazajuarez.mx\/historico\/la-fiscalia-pide-que-sam-bankman-fried-ingrese-en-prision-a-la-espera-de-juicio\/","title":{"rendered":"La Fiscal\u00eda pide que Sam Bankman-Fried ingrese en prisi\u00f3n a la espera de juicio"},"content":{"rendered":"\n<p>Fiscales federales de Estados Unidos pidieron este mi\u00e9rcoles a un juez que revoque el arresto domiciliario en el que se encuentra Sam Bankman-Fried, el fundador de la malograda plataforma de criptomonedas FTX, y que lo env\u00ede a prisi\u00f3n a la espera de juicio por tratar de influir en testigos del caso.<\/p>\n\n\n\n<p>La Fiscal\u00eda hizo esta solicitud durante una vista celebrada en Nueva York, seg\u00fan recogen medios estadounidenses presentes en la sala.<\/p>\n\n\n\n<p>A la espera de tomar en los pr\u00f3ximos d\u00edas una decisi\u00f3n sobre esa petici\u00f3n, el juez Lewis Kaplan emiti\u00f3 hoy una orden que proh\u00edbe temporalmente a Bankman-Fried hablar p\u00fablicamente sobre su caso.<\/p>\n\n\n\n<p>Los fiscales acusan al exdirector ejecutivo de FTX de filtrar al diario The New York Times documentos personales de Caroline Ellison, una de sus socias y con la que se le relacionaba sentimentalmente, tras saber que podr\u00eda testificar en su contra en el juicio previsto para octubre.<\/p>\n\n\n\n<p>Seg\u00fan la Fiscal\u00eda, ese ser\u00eda s\u00f3lo el \u00faltimo de varios episodios en los que Bankman-Fried se habr\u00eda comunicado con medios y servido de fuente para sus informaciones como parte de una campa\u00f1a para tratar de desacreditar a posibles testigos e influir en el proceso.<\/p>\n\n\n\n<p>Kaplan, seg\u00fan los medios presentes, dijo tomarse &#8220;muy en serio&#8221; los argumentos de los fiscales y advirti\u00f3 al acusado: &#8220;Se\u00f1or Bankman-Fried, ser\u00e1 mejor que tambi\u00e9n usted se lo tome en serio&#8221;.<\/p>\n\n\n\n<p>El empresario de 31 a\u00f1os -conocido a menudo por sus iniciales SBF- fue detenido el a\u00f1o pasado y extraditado a Nueva York en diciembre desde las Bahamas, sede de su empresa y donde resid\u00eda cuando la firma se hundi\u00f3.<\/p>\n\n\n\n<p>Actualmente, se encuentra bajo arresto domiciliario en casa de sus padres en Palo Alto (California) tras pactar una cuantiosa fianza de 250 millones de d\u00f3lares, una de las m\u00e1s altas de la historia.<\/p>\n\n\n\n<p>FTX, que era una de las mayores plataformas de criptomonedas del mundo, se hundi\u00f3 r\u00e1pidamente el pasado noviembre despu\u00e9s de que muchos usuarios se apresuraran a retirar sus fondos en medio de informaciones que pon\u00edan en duda la solvencia de la compa\u00f1\u00eda.<\/p>\n\n\n\n<p>A ra\u00edz del hundimiento, las autoridades estadounidenses acusaron a Bankman-Fried y a otros responsables de FTX y de Alameda Research, su brazo inversor, de un gigantesco fraude en la gesti\u00f3n de su negocio, que hab\u00eda convertido al joven empresario en multimillonario y una de las figuras m\u00e1s influyentes en el mundo de las criptomonedas.<\/p>\n\n\n\n<p>Hasta el momento, tres de sus exsocios ya han admitido su culpabilidad ante la fiscal\u00eda y se han mostrado dispuestos a colaborar con las investigaciones, lo que puede complicar la situaci\u00f3n de Bankman-Fried<\/p>\n","protected":false},"excerpt":{"rendered":"<p>Fiscales federales de Estados Unidos pidieron este mi\u00e9rcoles a un juez que revoque el arresto domiciliario en el que se encuentra Sam Bankman-Fried, el fundador de la malograda plataforma de criptomonedas FTX, y que lo env\u00ede a prisi\u00f3n a la espera de juicio por tratar de influir en testigos del caso. La Fiscal\u00eda hizo esta [&hellip;]<\/p>\n","protected":false},"author":80,"featured_media":272663,"comment_status":"closed","ping_status":"closed","sticky":false,"template":"","format":"standard","meta":{"footnotes":""},"categories":[31],"tags":[],"class_list":["post-272662","post","type-post","status-publish","format-standard","has-post-thumbnail","hentry","category-orbe"],"_links":{"self":[{"href":"https:\/\/plazajuarez.mx\/historico\/wp-json\/wp\/v2\/posts\/272662","targetHints":{"allow":["GET"]}}],"collection":[{"href":"https:\/\/plazajuarez.mx\/historico\/wp-json\/wp\/v2\/posts"}],"about":[{"href":"https:\/\/plazajuarez.mx\/historico\/wp-json\/wp\/v2\/types\/post"}],"author":[{"embeddable":true,"href":"https:\/\/plazajuarez.mx\/historico\/wp-json\/wp\/v2\/users\/80"}],"replies":[{"embeddable":true,"href":"https:\/\/plazajuarez.mx\/historico\/wp-json\/wp\/v2\/comments?post=272662"}],"version-history":[{"count":0,"href":"https:\/\/plazajuarez.mx\/historico\/wp-json\/wp\/v2\/posts\/272662\/revisions"}],"wp:featuredmedia":[{"embeddable":true,"href":"https:\/\/plazajuarez.mx\/historico\/wp-json\/wp\/v2\/media\/272663"}],"wp:attachment":[{"href":"https:\/\/plazajuarez.mx\/historico\/wp-json\/wp\/v2\/media?parent=272662"}],"wp:term":[{"taxonomy":"category","embeddable":true,"href":"https:\/\/plazajuarez.mx\/historico\/wp-json\/wp\/v2\/categories?post=272662"},{"taxonomy":"post_tag","embeddable":true,"href":"https:\/\/plazajuarez.mx\/historico\/wp-json\/wp\/v2\/tags?post=272662"}],"curies":[{"name":"wp","href":"https:\/\/api.w.org\/{rel}","templated":true}]}}