{"id":272635,"date":"2023-07-26T14:49:15","date_gmt":"2023-07-26T20:49:15","guid":{"rendered":"https:\/\/plazajuarez.mx\/?p=272635"},"modified":"2023-07-26T14:49:16","modified_gmt":"2023-07-26T20:49:16","slug":"j","status":"publish","type":"post","link":"https:\/\/plazajuarez.mx\/historico\/j\/","title":{"rendered":"Las colombianas celebran con J Balvin y a ritmo de reguet\u00f3n su triunfo en el Mundial"},"content":{"rendered":"\n<p>Las jugadoras de la selecci\u00f3n de f\u00fatbol de Colombia celebraron este martes su primer triunfo en el Mundial de Australia y Nueva Zelanda al ritmo de reguet\u00f3n con la visita al vestuario del artista urbano J Balvin.<\/p>\n\n\n\n<p>&#8220;As\u00ed cantamos, bailamos y disfrutamos la visita de J Balvin y Valentina Ferrer (modelo colombiana y esposa del cantante) a nuestro camerino&#8221;, comparti\u00f3 la selecci\u00f3n colombiana en sus redes sociales, junto a un video en el que se ve a las jugadoras disfrutando, bailando y cantando junto a sus visitantes.<\/p>\n\n\n\n<p>Un Balvin m\u00e1s comedido y una Ferrer que mostr\u00f3 sus mejores pasos de baile se sumaron a las colombianas, que se estrenaron este martes con un 2-0 sobre Corea del Sur, con goles de Catalina Usme, de penalti a los 30, y de la estrella Linda Caicedo, a los 39.<\/p>\n\n\n\n<p>&#8220;Amarillo&#8221; y &#8220;Ay vamos&#8221; fueron los temas que sonaron en el vestuario, mientras las fotos grupales se suced\u00edan con el reconocido cantante colombiano.<\/p>\n\n\n\n<p>Balvin tambi\u00e9n comparti\u00f3 un video en sus redes sociales con la descripci\u00f3n: &#8220;Mientras tanto en Australia la selecci\u00f3n Colombia femenina gan\u00f3 el partido contra Corea en el Mundial y tambi\u00e9n celebramos nuestra gira, \u00e9xito brutal en Australia. \u00a1As\u00ed ganamos Colombia y los latinos!&#8221;.<\/p>\n\n\n\n<p>El reguetonero de Medell\u00edn se encuentra en una gira mundial que le ha llevado a pasar por Australia esta semana y que seguir\u00e1 en Singapur el viernes.<\/p>\n\n\n\n<p>Con la victoria, Colombia se instal\u00f3 en el segundo lugar del Grupo H que encabeza Alemania gracias a la goleada por 6-0 que propin\u00f3 a Marruecos en su debut.<\/p>\n\n\n\n<p>Alemanas y colombianas se medir\u00e1n en la segunda jornada de la fase de grupos.<\/p>\n","protected":false},"excerpt":{"rendered":"<p>Las jugadoras de la selecci\u00f3n de f\u00fatbol de Colombia celebraron este martes su primer triunfo en el Mundial de Australia y Nueva Zelanda al ritmo de reguet\u00f3n con la visita al vestuario del artista urbano J Balvin. &#8220;As\u00ed cantamos, bailamos y disfrutamos la visita de J Balvin y Valentina Ferrer (modelo colombiana y esposa del [&hellip;]<\/p>\n","protected":false},"author":80,"featured_media":272636,"comment_status":"closed","ping_status":"closed","sticky":false,"template":"","format":"standard","meta":{"footnotes":""},"categories":[39],"tags":[],"class_list":["post-272635","post","type-post","status-publish","format-standard","has-post-thumbnail","hentry","category-deportiva"],"_links":{"self":[{"href":"https:\/\/plazajuarez.mx\/historico\/wp-json\/wp\/v2\/posts\/272635","targetHints":{"allow":["GET"]}}],"collection":[{"href":"https:\/\/plazajuarez.mx\/historico\/wp-json\/wp\/v2\/posts"}],"about":[{"href":"https:\/\/plazajuarez.mx\/historico\/wp-json\/wp\/v2\/types\/post"}],"author":[{"embeddable":true,"href":"https:\/\/plazajuarez.mx\/historico\/wp-json\/wp\/v2\/users\/80"}],"replies":[{"embeddable":true,"href":"https:\/\/plazajuarez.mx\/historico\/wp-json\/wp\/v2\/comments?post=272635"}],"version-history":[{"count":0,"href":"https:\/\/plazajuarez.mx\/historico\/wp-json\/wp\/v2\/posts\/272635\/revisions"}],"wp:featuredmedia":[{"embeddable":true,"href":"https:\/\/plazajuarez.mx\/historico\/wp-json\/wp\/v2\/media\/272636"}],"wp:attachment":[{"href":"https:\/\/plazajuarez.mx\/historico\/wp-json\/wp\/v2\/media?parent=272635"}],"wp:term":[{"taxonomy":"category","embeddable":true,"href":"https:\/\/plazajuarez.mx\/historico\/wp-json\/wp\/v2\/categories?post=272635"},{"taxonomy":"post_tag","embeddable":true,"href":"https:\/\/plazajuarez.mx\/historico\/wp-json\/wp\/v2\/tags?post=272635"}],"curies":[{"name":"wp","href":"https:\/\/api.w.org\/{rel}","templated":true}]}}