{"id":27263,"date":"2016-08-24T17:02:40","date_gmt":"2016-08-24T17:02:40","guid":{"rendered":"http:\/\/plazajuarez.mx\/index\/index.php\/2016\/08\/24\/gobernador-inaugura-bioparque-de-convivencia-tizayocan\/"},"modified":"2016-08-24T17:02:40","modified_gmt":"2016-08-24T17:02:40","slug":"gobernador-inaugura-bioparque-de-convivencia-tizayocan","status":"publish","type":"post","link":"https:\/\/plazajuarez.mx\/historico\/gobernador-inaugura-bioparque-de-convivencia-tizayocan\/","title":{"rendered":"Gobernador inaugura Bioparque de convivencia Tizayocan"},"content":{"rendered":"<p dir=\"ltr\" style=\"line-height: 1.2; margin-top: 0pt; margin-bottom: 0pt;\"><span style=\"font-size: 18.666666666666664px; font-family: 'Times New Roman'; color: #000000; background-color: transparent; font-weight: 400; font-style: normal; font-variant: normal; text-decoration: none; vertical-align: baseline;\">El gobernador, Jos\u00e9 Francisco Olvera Ruiz, hizo ayer el corte inaugural del list\u00f3n del Bioparque de convivencia Tizayocan. En compa\u00f1\u00eda del presidente municipal, Juan N\u00fa\u00f1ez Perea.<\/span><\/p>\n<p>  <!--more-->  <\/p>\n<p>\u00a0<\/p>\n<p dir=\"ltr\" style=\"line-height: 1.2; margin-top: 0pt; margin-bottom: 0pt;\"><span style=\"font-size: 18.666666666666664px; font-family: 'Times New Roman'; color: #000000; background-color: transparent; font-weight: 400; font-style: normal; font-variant: normal; text-decoration: none; vertical-align: baseline;\">Igualmente hicieron la develaci\u00f3n de la placa del museo.<\/span><\/p>\n<p>\u00a0<\/p>\n<p dir=\"ltr\" style=\"line-height: 1.2; margin-top: 0pt; margin-bottom: 0pt;\"><span style=\"font-size: 18.666666666666664px; font-family: 'Times New Roman'; color: #000000; background-color: transparent; font-weight: 400; font-style: normal; font-variant: normal; text-decoration: none; vertical-align: baseline;\">Previo al corte del list\u00f3n se inform\u00f3 que el Bioparque cuenta con museo etnoecol\u00f3gico, para albergar la historia del municipio con dos centros de rescate nacional, que alberga a m\u00e1s de 100 especies animales, que fueron rescatados de circos; adem\u00e1s del vivero de cact\u00e1ceas que se encuentran en peligro de extinci\u00f3n y que son parte importante de la regi\u00f3n ya que por la construcci\u00f3n de muchas casas se est\u00e1n perdiendo. <\/span><\/p>\n<p>\u00a0<\/p>\n<p dir=\"ltr\" style=\"line-height: 1.2; margin-top: 0pt; margin-bottom: 0pt;\"><span style=\"font-size: 18.666666666666664px; font-family: 'Times New Roman'; color: #000000; background-color: transparent; font-weight: 400; font-style: normal; font-variant: normal; text-decoration: none; vertical-align: baseline;\">Tizayocan tambi\u00e9n cuenta con un auditorio a cielo abierto para que se hagan exposiciones de teatro libre para las familias y una tirolesa en dos etapas para los que aman la adrenalina y que mide 300 metros.<\/span><\/p>\n<p>\u00a0<\/p>\n<p dir=\"ltr\" style=\"line-height: 1.2; margin-top: 0pt; margin-bottom: 0pt;\"><span style=\"font-size: 18.666666666666664px; font-family: 'Times New Roman'; color: #000000; background-color: transparent; font-weight: 400; font-style: normal; font-variant: normal; text-decoration: none; vertical-align: baseline;\">El presidente Municipal, Juan N\u00fa\u00f1ez Perea detall\u00f3: \u201ces para que los habitantes tengan el esp\u00edritu de amar, cuidar y respetar a la naturaleza con las visitas de estudiantes de diferentes escuelas en grupos de 50 \u00f3 70 personas y que sean conscientes de la importancia del medioambiente\u2026 algo que da\u00f1o anteriormente ahora es un beneficio para los ciudadanos\u201d. <\/span><\/p>\n<p>\u00a0<\/p>\n<p dir=\"ltr\" style=\"line-height: 1.2; margin-top: 0pt; margin-bottom: 0pt;\"><span style=\"font-size: 18.666666666666664px; font-family: 'Times New Roman'; color: #000000; background-color: transparent; font-weight: 400; font-style: normal; font-variant: normal; text-decoration: none; vertical-align: baseline;\">La suma de recursos logr\u00f3 transformar en uno de los motores econ\u00f3micos que genera empleos y atraiga a turistas. <\/span><\/p>\n<p>\u00a0<\/p>\n<p dir=\"ltr\" style=\"line-height: 1.2; margin-top: 0pt; margin-bottom: 0pt;\"><span style=\"font-size: 18.666666666666664px; font-family: 'Times New Roman'; color: #000000; background-color: transparent; font-weight: 400; font-style: normal; font-variant: normal; text-decoration: none; vertical-align: baseline;\">El Alcalde agradeci\u00f3 al Gobernador \u201csin su ayuda no hubiera sido posible convertir la monta\u00f1a con m\u00e1s de noventa mil toneladas de basura, en un Bioparque con un recurso de 3 millones de pesos para las familias tizayuquenses\u201d.<\/span><\/p>\n<p>\u00a0<\/p>\n<p dir=\"ltr\" style=\"line-height: 1.2; margin-top: 0pt; margin-bottom: 0pt;\"><span style=\"font-size: 18.666666666666664px; font-family: 'Times New Roman'; color: #000000; background-color: transparent; font-weight: 400; font-style: normal; font-variant: normal; text-decoration: none; vertical-align: baseline;\">En su intervenci\u00f3n, el gobernador Jos\u00e9 Francisco Olvera Ruiz detall\u00f3 que \u201ccuando el ejecutivo municipal me coment\u00f3 el proyecto, lo ve\u00eda como algo muy dif\u00edcil, por los n\u00fameros. Hac\u00eda cuentas mentalmente. No ser\u00eda f\u00e1cil, pero con la suma de esfuerzos, es posible observar que ya est\u00e1 concluido y habilitado\u201d.<\/span><\/p>\n<p>\u00a0<\/p>\n<p dir=\"ltr\" style=\"line-height: 1.2; margin-top: 0pt; margin-bottom: 0pt;\"><span style=\"font-size: 18.666666666666664px; font-family: 'Times New Roman'; color: #000000; background-color: transparent; font-weight: 400; font-style: normal; font-variant: normal; text-decoration: none; vertical-align: baseline;\">Platic\u00f3 la an\u00e9cdota de que \u00a0por casualidad Rafael Pacchiano Alem\u00e1n, secretario del Gobierno Federal, durante una visita, sin querer conoci\u00f3 el Bioparque, ya que iban a otro evento en Tizayuca. Es muy importante que las autoridades federales tengan conocimiento de las grandes obras que se llevaron a cabo en este lugar.<\/span><\/p>\n<p>\u00a0<\/p>\n<p dir=\"ltr\" style=\"line-height: 1.2; margin-top: 0pt; margin-bottom: 0pt;\"><span style=\"font-size: 18.666666666666664px; font-family: 'Times New Roman'; color: #000000; background-color: transparent; font-weight: 400; font-style: normal; font-variant: normal; text-decoration: none; vertical-align: baseline;\">\u201cGracias a las obras durante la administraci\u00f3n de Juan N\u00fa\u00f1ez Perea, se han logrado muchos beneficios a la comunidad, no s\u00f3lo por lo que se ve si no por lo que no es palpable como los servicios b\u00e1sicos, la energ\u00eda el\u00e9ctrica, y la atenci\u00f3n con los adultos mayores, adem\u00e1s de \u00a0que llev\u00f3 la gesti\u00f3n ante el Gobierno Federal para que fuera posible ya que la poblaci\u00f3n demanda servicios por un crecimiento acelerado, reconoce el gran trabajo y esfuerzo que ha hecho junto con su esposa Ana Leticia Cuatepotzo, que siempre lo ha acompa\u00f1ado\u2026 Juntos han logrado un buen resultado.\u201d<\/span><\/p>\n<p>\u00a0<\/p>\n<p dir=\"ltr\" style=\"line-height: 1.2; margin-top: 0pt; margin-bottom: 0pt;\"><span style=\"font-size: 18.666666666666664px; font-family: 'Times New Roman'; color: #000000; background-color: transparent; font-weight: 400; font-style: normal; font-variant: normal; text-decoration: none; vertical-align: baseline;\">A\u00f1adi\u00f3: \u201ces una magn\u00edfica oportunidad para verlo directamente en vivo y no en la tele, que muy aparte de las visitas entre semana, los fines de semana son los mejores d\u00edas para convivir y juntar a la familia y que con ello la comunidad tenga un sentido de pertenec\u00eda\u201d. <\/span><\/p>\n<p>\u00a0<\/p>\n<p dir=\"ltr\" style=\"line-height: 1.2; margin-top: 0pt; margin-bottom: 0pt;\"><span style=\"font-size: 18.666666666666664px; font-family: 'Times New Roman'; color: #000000; background-color: transparent; font-weight: 400; font-style: normal; font-variant: normal; text-decoration: none; vertical-align: baseline;\">Con la recuperaci\u00f3n de la monta\u00f1a ahora este espacio ya tiene una infraestructura que va a permitir generar empleos y activar el desarrollo econ\u00f3mico.<\/span><\/p>\n<p>\u00a0<\/p>\n<p dir=\"ltr\" style=\"line-height: 1.2; margin-top: 0pt; margin-bottom: 0pt;\"><span style=\"font-size: 18.666666666666664px; font-family: 'Times New Roman'; color: #000000; background-color: transparent; font-weight: 400; font-style: normal; font-variant: normal; text-decoration: none; vertical-align: baseline;\">Al evento tambi\u00e9n acudieron: Mabel Guti\u00e9rrez Ch\u00e1vez, diputada local por el Distrito XII; Leticia Cuatepotzo P\u00e9rez, presidenta del Sistema DIF Municipal; V\u00edctor G\u00f3mez Navarro, secretario de Ecolog\u00eda del gobierno estatal y Jos\u00e9 Pablo Maauad Pont\u00f3n, secretario de Desarrollo Econ\u00f3mico.<\/span><\/p>\n","protected":false},"excerpt":{"rendered":"<p>El gobernador, Jos\u00e9 Francisco Olvera Ruiz, hizo ayer el corte inaugural del list\u00f3n del Bioparque de convivencia Tizayocan. En compa\u00f1\u00eda del presidente municipal, Juan N\u00fa\u00f1ez Perea.<\/p>\n","protected":false},"author":3,"featured_media":0,"comment_status":"open","ping_status":"open","sticky":false,"template":"","format":"standard","meta":{"footnotes":""},"categories":[40],"tags":[],"class_list":["post-27263","post","type-post","status-publish","format-standard","hentry","category-region"],"_links":{"self":[{"href":"https:\/\/plazajuarez.mx\/historico\/wp-json\/wp\/v2\/posts\/27263","targetHints":{"allow":["GET"]}}],"collection":[{"href":"https:\/\/plazajuarez.mx\/historico\/wp-json\/wp\/v2\/posts"}],"about":[{"href":"https:\/\/plazajuarez.mx\/historico\/wp-json\/wp\/v2\/types\/post"}],"author":[{"embeddable":true,"href":"https:\/\/plazajuarez.mx\/historico\/wp-json\/wp\/v2\/users\/3"}],"replies":[{"embeddable":true,"href":"https:\/\/plazajuarez.mx\/historico\/wp-json\/wp\/v2\/comments?post=27263"}],"version-history":[{"count":0,"href":"https:\/\/plazajuarez.mx\/historico\/wp-json\/wp\/v2\/posts\/27263\/revisions"}],"wp:attachment":[{"href":"https:\/\/plazajuarez.mx\/historico\/wp-json\/wp\/v2\/media?parent=27263"}],"wp:term":[{"taxonomy":"category","embeddable":true,"href":"https:\/\/plazajuarez.mx\/historico\/wp-json\/wp\/v2\/categories?post=27263"},{"taxonomy":"post_tag","embeddable":true,"href":"https:\/\/plazajuarez.mx\/historico\/wp-json\/wp\/v2\/tags?post=27263"}],"curies":[{"name":"wp","href":"https:\/\/api.w.org\/{rel}","templated":true}]}}