{"id":27262,"date":"2016-08-24T20:25:28","date_gmt":"2016-08-24T20:25:28","guid":{"rendered":"http:\/\/plazajuarez.mx\/index\/index.php\/2016\/08\/24\/sismo-en-italia-deja-mas-de-70-muertos\/"},"modified":"2016-08-24T20:25:28","modified_gmt":"2016-08-24T20:25:28","slug":"sismo-en-italia-deja-mas-de-70-muertos","status":"publish","type":"post","link":"https:\/\/plazajuarez.mx\/historico\/sismo-en-italia-deja-mas-de-70-muertos\/","title":{"rendered":"Sismo en Italia deja m\u00e1s de 120 muertos"},"content":{"rendered":"<p>El fuerte terremoto que sacudi\u00f3 en la madrugada del mi\u00e9rcoles el centro de Italia caus\u00f3 la muerte al menos a 120 personas y heridas a 368, seg\u00fan explic\u00f3 el primer ministro, Matteo Renzi.<\/p>\n<p>  <!--more-->  <\/p>\n<p class=\"MsoNormal\" style=\"text-align: justify;\">El presidente Enrique Pe\u00f1a Nieto lament\u00f3 hoy la p\u00e9rdida de m\u00e1s de 70 vidas humanas tras el sismo de 6.2 grados que se registr\u00f3 en las regiones de Arquata, Las Marcas, Accumoli, y Amatrice en Italia.<\/p>\n<p class=\"MsoNormal\" style=\"text-align: justify;\">A trav\u00e9s de Twitter el mandatario expres\u00f3 sus condolencias al gobierno as\u00ed como a los italianos por la tragedia.<\/p>\n<p class=\"MsoNormal\" style=\"text-align: justify;\">\u201cEn nombre de M\u00e9xico, mis sentidas condolencias al gobierno y pueblo italiano por las p\u00e9rdidas humanas tras el sismo que sacudi\u00f3 esta naci\u00f3n\u201d, escribi\u00f3 el mandatario.<\/p>\n<p class=\"MsoNormal\" style=\"text-align: justify;\">Tras el sismo registrado este mi\u00e9rcoles en el centro de Italia, la Secretar\u00eda de Relaciones Exteriores (SRE) descart\u00f3 que haya mexicanos afectados en Amatrice, en la zona centro de aquel pa\u00eds.<\/p>\n<p class=\"MsoNormal\" style=\"text-align: justify;\">\u201cAutoridades de #Amatrice no han reportado mexicanos afectados; la Embamex pone en marcha protocolo de emergencias\u201d, se\u00f1al\u00f3 a trav\u00e9s de Twitter la SRE.<\/p>\n<p class=\"MsoNormal\" style=\"text-align: justify;\">La titular de la SRE, Claudia Ruiz Massieu, envi\u00f3 sus condolencias a las v\u00edctimas. &#8220;Mi solidaridad con el pueblo italiano&#8221;, dijo.<\/p>\n<p class=\"MsoNormal\" style=\"text-align: justify;\">La Canciller\u00eda puso a disposici\u00f3n una l\u00ednea especial de emergencias, con ocho n\u00fameros telef\u00f3nicos.<\/p>\n<p class=\"MsoNormal\" style=\"text-align: justify;\">Cuatro son para llamadas desde Italia y cuatro m\u00e1s para marcar desde M\u00e9xico, las 24 horas del d\u00eda.<\/p>\n<p class=\"MsoNormal\" style=\"text-align: justify;\">Desde el pa\u00eds europeo 06 441 606 300 al 303 y para llamada desde territorio mexicano solamente se agrega lada 0039, con los mismos n\u00fameros.<\/p>\n<p class=\"MsoNormal\" style=\"text-align: justify;\">Un fuerte terremoto de magnitud 6.2 sacudi\u00f3 por la madrugada de este mi\u00e9rcoles el centro de Italia; uno de los pueblos m\u00e1s afectados de esta zona monta\u00f1osa y poco poblada es Amatrice, de unos 2.600 habitantes.<\/p>\n<p class=\"MsoNormal\" style=\"text-align: justify;\">El temblor tuvo lugar pasadas las tres y media de la madrugada y se han producido decenas de r\u00e9plicas.<\/p>\n<p class=\"MsoNormal\" style=\"text-align: justify;\">El Gobierno de Italia y las autoridades de Protecci\u00f3n Civil monitorizan el sitio del epicentro y sus alrededores para atender los da\u00f1os, inform\u00f3 en Twitter el portavoz del primer ministro Matteo Renzi.<\/p>\n","protected":false},"excerpt":{"rendered":"<p>El fuerte terremoto que sacudi\u00f3 en la madrugada del mi\u00e9rcoles el centro de Italia caus\u00f3 la muerte al menos a 120 personas y heridas a 368, seg\u00fan explic\u00f3 el primer ministro, Matteo Renzi.<\/p>\n","protected":false},"author":6,"featured_media":0,"comment_status":"open","ping_status":"open","sticky":false,"template":"","format":"standard","meta":{"footnotes":""},"categories":[59],"tags":[],"class_list":["post-27262","post","type-post","status-publish","format-standard","hentry","category-general"],"_links":{"self":[{"href":"https:\/\/plazajuarez.mx\/historico\/wp-json\/wp\/v2\/posts\/27262","targetHints":{"allow":["GET"]}}],"collection":[{"href":"https:\/\/plazajuarez.mx\/historico\/wp-json\/wp\/v2\/posts"}],"about":[{"href":"https:\/\/plazajuarez.mx\/historico\/wp-json\/wp\/v2\/types\/post"}],"author":[{"embeddable":true,"href":"https:\/\/plazajuarez.mx\/historico\/wp-json\/wp\/v2\/users\/6"}],"replies":[{"embeddable":true,"href":"https:\/\/plazajuarez.mx\/historico\/wp-json\/wp\/v2\/comments?post=27262"}],"version-history":[{"count":0,"href":"https:\/\/plazajuarez.mx\/historico\/wp-json\/wp\/v2\/posts\/27262\/revisions"}],"wp:attachment":[{"href":"https:\/\/plazajuarez.mx\/historico\/wp-json\/wp\/v2\/media?parent=27262"}],"wp:term":[{"taxonomy":"category","embeddable":true,"href":"https:\/\/plazajuarez.mx\/historico\/wp-json\/wp\/v2\/categories?post=27262"},{"taxonomy":"post_tag","embeddable":true,"href":"https:\/\/plazajuarez.mx\/historico\/wp-json\/wp\/v2\/tags?post=27262"}],"curies":[{"name":"wp","href":"https:\/\/api.w.org\/{rel}","templated":true}]}}