{"id":27260,"date":"2016-08-24T16:59:04","date_gmt":"2016-08-24T16:59:04","guid":{"rendered":"http:\/\/plazajuarez.mx\/index\/index.php\/2016\/08\/24\/gran-sorpresa-se-lleva-el-equipo-de-transicion-del-alcalde-electo\/"},"modified":"2016-08-24T16:59:04","modified_gmt":"2016-08-24T16:59:04","slug":"gran-sorpresa-se-lleva-el-equipo-de-transicion-del-alcalde-electo","status":"publish","type":"post","link":"https:\/\/plazajuarez.mx\/historico\/gran-sorpresa-se-lleva-el-equipo-de-transicion-del-alcalde-electo\/","title":{"rendered":"Gran sorpresa se lleva el equipo  de transici\u00f3n del Alcalde electo"},"content":{"rendered":"<p dir=\"ltr\" style=\"line-height: 1.2; margin-top: 6pt; margin-bottom: 6pt;\"><span style=\"font-size: 18.666666666666664px; font-family: 'Times New Roman'; color: #000000; background-color: transparent; font-weight: 400; font-style: normal; font-variant: normal; text-decoration: none; vertical-align: baseline;\">Equipo de transici\u00f3n del nuevo gobierno municipal de Actopan revelaron que la actual administraci\u00f3n, ha otorgado la toma de nota para la creaci\u00f3n de un sindicato al servicio del Ayuntamiento con \u00a0m\u00e1s de 35 trabajadores.<\/span><\/p>\n<p>  <!--more-->  <\/p>\n<p dir=\"ltr\" style=\"line-height: 1.2; margin-top: 6pt; margin-bottom: 6pt;\"><span style=\"font-size: 18.666666666666664px; font-family: 'Times New Roman'; color: #000000; background-color: transparent; font-weight: 400; font-style: normal; font-variant: normal; text-decoration: none; vertical-align: baseline;\">Diario Plaza Ju\u00e1rez consult\u00f3 al alcalde, Gregorio Hern\u00e1ndez Serrano, sobre la autorizaci\u00f3n que hizo sobre la toma de nota al sindicato, sin embargo no se obtuvo ninguna respuesta al respecto. <\/span><\/p>\n<p dir=\"ltr\" style=\"line-height: 1.2; margin-top: 6pt; margin-bottom: 6pt;\"><span style=\"font-size: 18.666666666666664px; font-family: 'Times New Roman'; color: #000000; background-color: transparent; font-weight: 400; font-style: normal; font-variant: normal; text-decoration: none; vertical-align: baseline;\">Se dio a conocer, que el sindicato, \u00a0fue desaparecido a\u00f1os atr\u00e1s siendo presidente municipal, Leonardo Ram\u00edrez. <\/span><\/p>\n<p dir=\"ltr\" style=\"line-height: 1.2; margin-top: 6pt; margin-bottom: 6pt;\"><span style=\"font-size: 18.666666666666664px; font-family: 'Times New Roman'; color: #000000; background-color: transparent; font-weight: 400; font-style: normal; font-variant: normal; text-decoration: none; vertical-align: baseline;\">En este proceso de entrega-recepci\u00f3n se han localizado con que se ha autorizado la toma de nota de la nueva organizaci\u00f3n sindical, con lo cual se deja al pr\u00f3ximo gobierno, una adjudicaci\u00f3n de personal que debe ser aceptada. <\/span><\/p>\n<p dir=\"ltr\" style=\"line-height: 1.2; margin-top: 6pt; margin-bottom: 6pt;\"><span style=\"font-size: 18.666666666666664px; font-family: 'Times New Roman'; color: #000000; background-color: transparent; font-weight: 400; font-style: normal; font-variant: normal; text-decoration: none; vertical-align: baseline;\">El a\u00f1o pasado, en septiembre, trabajadores del \u00e1rea de limpias realizaron un paro laboral, buscaron con esta presi\u00f3n, obligar al alcalde, autorizar la toma de nota para la creaci\u00f3n del sindicato a servicio del Ayuntamiento.<\/span><\/p>\n<p dir=\"ltr\" style=\"line-height: 1.2; margin-top: 6pt; margin-bottom: 6pt;\"><span style=\"font-size: 18.666666666666664px; font-family: 'Times New Roman'; color: #000000; background-color: transparent; font-weight: 400; font-style: normal; font-variant: normal; text-decoration: none; vertical-align: baseline;\">Tras la amenaza de despedir a los 70 trabajadores rebeldes, quienes adem\u00e1s reclamaron mejoras laborales, tuvieron que aceptar las medidas que el gobierno municipal les impuso, espec\u00edficamente la de renunciar a la posibilidad de crear un sindicato. <\/span><\/p>\n<p dir=\"ltr\" style=\"line-height: 1.2; margin-top: 6pt; margin-bottom: 6pt;\"><span style=\"font-size: 18.666666666666664px; font-family: 'Times New Roman'; color: #000000; background-color: transparent; font-weight: 400; font-style: normal; font-variant: normal; text-decoration: none; vertical-align: baseline;\">Lo \u00fanico que lograron obtener, principalmente los trabajadores de limpias, es algunas mejoras laborales y de equipo de trabajo. <\/span><\/p>\n<p dir=\"ltr\" style=\"line-height: 1.2; margin-top: 6pt; margin-bottom: 6pt;\"><span style=\"font-size: 18.666666666666664px; font-family: 'Times New Roman'; color: #000000; background-color: transparent; font-weight: 400; font-style: normal; font-variant: normal; text-decoration: none; vertical-align: baseline;\">En respuesta a la petici\u00f3n de los trabajadores, fueron despedidos dos de los trabajadores que encabezaron el movimiento, adem\u00e1s de la amenaza, de que si llevaban a cabo un nuevo paro laboral, ser\u00edan despedidos, por lo que fue frustrado ese plan. <\/span><\/p>\n<p><span style=\"font-size: 18.666666666666664px; font-family: 'Times New Roman'; color: #000000; background-color: transparent; font-weight: 400; font-style: normal; font-variant: normal; text-decoration: none; vertical-align: baseline;\">Fuentes oficiales del cabildo de Actopan, dieron a conocer, que en el gobierno municipal, s\u00f3lo se tiene un sindicato reconocido y este se mantiene vigente en la Comisi\u00f3n de Agua Potable, Alcantarillado y Saneamiento de Actopan (CAASA). <\/span><\/p>\n","protected":false},"excerpt":{"rendered":"<p>Equipo de transici\u00f3n del nuevo gobierno municipal de Actopan revelaron que la actual administraci\u00f3n, ha otorgado la toma de nota para la creaci\u00f3n de un sindicato al servicio del Ayuntamiento con \u00a0m\u00e1s de 35 trabajadores.<\/p>\n","protected":false},"author":3,"featured_media":0,"comment_status":"open","ping_status":"open","sticky":false,"template":"","format":"standard","meta":{"footnotes":""},"categories":[40],"tags":[],"class_list":["post-27260","post","type-post","status-publish","format-standard","hentry","category-region"],"_links":{"self":[{"href":"https:\/\/plazajuarez.mx\/historico\/wp-json\/wp\/v2\/posts\/27260","targetHints":{"allow":["GET"]}}],"collection":[{"href":"https:\/\/plazajuarez.mx\/historico\/wp-json\/wp\/v2\/posts"}],"about":[{"href":"https:\/\/plazajuarez.mx\/historico\/wp-json\/wp\/v2\/types\/post"}],"author":[{"embeddable":true,"href":"https:\/\/plazajuarez.mx\/historico\/wp-json\/wp\/v2\/users\/3"}],"replies":[{"embeddable":true,"href":"https:\/\/plazajuarez.mx\/historico\/wp-json\/wp\/v2\/comments?post=27260"}],"version-history":[{"count":0,"href":"https:\/\/plazajuarez.mx\/historico\/wp-json\/wp\/v2\/posts\/27260\/revisions"}],"wp:attachment":[{"href":"https:\/\/plazajuarez.mx\/historico\/wp-json\/wp\/v2\/media?parent=27260"}],"wp:term":[{"taxonomy":"category","embeddable":true,"href":"https:\/\/plazajuarez.mx\/historico\/wp-json\/wp\/v2\/categories?post=27260"},{"taxonomy":"post_tag","embeddable":true,"href":"https:\/\/plazajuarez.mx\/historico\/wp-json\/wp\/v2\/tags?post=27260"}],"curies":[{"name":"wp","href":"https:\/\/api.w.org\/{rel}","templated":true}]}}