{"id":272560,"date":"2023-07-26T10:07:18","date_gmt":"2023-07-26T16:07:18","guid":{"rendered":"https:\/\/plazajuarez.mx\/?p=272560"},"modified":"2023-07-26T10:07:19","modified_gmt":"2023-07-26T16:07:19","slug":"grupo-que-impulsa-campana-sucia-esta-vinculado-con-salinas-amlo","status":"publish","type":"post","link":"https:\/\/plazajuarez.mx\/historico\/grupo-que-impulsa-campana-sucia-esta-vinculado-con-salinas-amlo\/","title":{"rendered":"Grupo que impulsa campa\u00f1a sucia est\u00e1 vinculado con Salinas: AMLO"},"content":{"rendered":"\n<p>El presidente Andr\u00e9s Manuel L\u00f3pez Obrador acus\u00f3 que el grupo que impulsa una supuesta campa\u00f1a en la que se le responsabilizar\u00e1 si algo le pasa a una aspirante presidencial est\u00e1 vinculado a la oligarqu\u00eda corrupta, y los se\u00f1alo de estar desesperados porque &#8220;no les salen nada&#8221; y de que son capaces de mentir, de calumniar y de crear &#8220;ambientes enrarecidos&#8221;.<\/p>\n\n\n\n<p>El mandatario federal reiter\u00f3 que los integrantes de este supuesto grupo est\u00e1n muy vinculados con el expresidente Carlos Salinas de Gortari, y al grupo de poder econ\u00f3mico y pol\u00edtico que dominaba y que se sent\u00edan due\u00f1os de M\u00e9xico.<\/p>\n\n\n\n<p>&#8220;Reiterar que quienes impulsan esta campa\u00f1a, esta guerra sucia, pues son personajes muy vinculados a Salinas de Gortari, al grupo de poder econ\u00f3mico y pol\u00edtico, que dominaba que se sent\u00edan due\u00f1os de M\u00e9xico. Esa es una caracter\u00edstica, es un distintivo su vinculaci\u00f3n a la oligarqu\u00eda corrupta que dominaba a nuestros pa\u00eds&#8221;.<\/p>\n\n\n\n<p>&#8220;Lo otro muy espec\u00edfico, particular es que casi todos recib\u00edan dinero del gobierno anterior, y eso los tiene muy molestos, porque no les est\u00e1n saliendo las cosas&#8221;.<\/p>\n\n\n\n<p>En Palacio Nacional, el Mandatario federal asegur\u00f3 que para fortuna del pueblo, est\u00e1 bien la econom\u00eda, hay bienestar y &#8220;estamos enfrentando el flagelo de la violencia&#8221;.<\/p>\n\n\n\n<p>&#8220;Ayer se dieron a conocer resultado del Inegi acerca de la disminuci\u00f3n de homicidio en los \u00faltimos tiempos. Hemos logrado reducir los homicidios en alrededor del 17%, el robo de veh\u00edculos alrededor del 50%, el robo en general 30%, el secuestro 60% menos. Entonces como no les salen nada, est\u00e1n desesperados y es importante que se sepa que son capaces de mentir, de calumniar y de crear ambientes enrarecidos&#8221;.<\/p>\n\n\n\n<p>Asegur\u00f3 que es muy caracter\u00edstico de la derecha el generar odio y la violencia, algo que, indic\u00f3, no tiene que ver con la izquierda, ni en M\u00e9xico ni en el mundo.<\/p>\n\n\n\n<p>&#8220;Siempre el autoritarismo lo impulsa la derecha, el conservadurismo, siempre y en M\u00e9xico pues hay pruebas suficientes de lo que estoy sosteniendo. Baste decir de que es en el periodo neoliberal en que se atreven a asesinar a un candidato, a Luis Donaldo Colosio. En el tiempo que llevamos nosotros no ha habido represi\u00f3n y no va haber represi\u00f3n porque no somos iguales, pero est\u00e1n muy desesperados&#8221;, dijo.<\/p>\n","protected":false},"excerpt":{"rendered":"<p>El presidente Andr\u00e9s Manuel L\u00f3pez Obrador acus\u00f3 que el grupo que impulsa una supuesta campa\u00f1a en la que se le responsabilizar\u00e1 si algo le pasa a una aspirante presidencial est\u00e1 vinculado a la oligarqu\u00eda corrupta, y los se\u00f1alo de estar desesperados porque &#8220;no les salen nada&#8221; y de que son capaces de mentir, de calumniar [&hellip;]<\/p>\n","protected":false},"author":81,"featured_media":272561,"comment_status":"closed","ping_status":"closed","sticky":false,"template":"","format":"standard","meta":{"footnotes":""},"categories":[15,36,2160],"tags":[],"class_list":["post-272560","post","type-post","status-publish","format-standard","has-post-thumbnail","hentry","category-destacadas","category-nacion","category-noticias-de-la-ciudad-de-mexico"],"_links":{"self":[{"href":"https:\/\/plazajuarez.mx\/historico\/wp-json\/wp\/v2\/posts\/272560","targetHints":{"allow":["GET"]}}],"collection":[{"href":"https:\/\/plazajuarez.mx\/historico\/wp-json\/wp\/v2\/posts"}],"about":[{"href":"https:\/\/plazajuarez.mx\/historico\/wp-json\/wp\/v2\/types\/post"}],"author":[{"embeddable":true,"href":"https:\/\/plazajuarez.mx\/historico\/wp-json\/wp\/v2\/users\/81"}],"replies":[{"embeddable":true,"href":"https:\/\/plazajuarez.mx\/historico\/wp-json\/wp\/v2\/comments?post=272560"}],"version-history":[{"count":0,"href":"https:\/\/plazajuarez.mx\/historico\/wp-json\/wp\/v2\/posts\/272560\/revisions"}],"wp:featuredmedia":[{"embeddable":true,"href":"https:\/\/plazajuarez.mx\/historico\/wp-json\/wp\/v2\/media\/272561"}],"wp:attachment":[{"href":"https:\/\/plazajuarez.mx\/historico\/wp-json\/wp\/v2\/media?parent=272560"}],"wp:term":[{"taxonomy":"category","embeddable":true,"href":"https:\/\/plazajuarez.mx\/historico\/wp-json\/wp\/v2\/categories?post=272560"},{"taxonomy":"post_tag","embeddable":true,"href":"https:\/\/plazajuarez.mx\/historico\/wp-json\/wp\/v2\/tags?post=272560"}],"curies":[{"name":"wp","href":"https:\/\/api.w.org\/{rel}","templated":true}]}}