{"id":272526,"date":"2023-07-26T06:29:30","date_gmt":"2023-07-26T12:29:30","guid":{"rendered":"https:\/\/plazajuarez.mx\/?p=272526"},"modified":"2023-07-26T06:29:32","modified_gmt":"2023-07-26T12:29:32","slug":"biblioteca-regional-de-actopan-resguarda-obra-de-muralistas-locales-e-internacionales","status":"publish","type":"post","link":"https:\/\/plazajuarez.mx\/historico\/biblioteca-regional-de-actopan-resguarda-obra-de-muralistas-locales-e-internacionales\/","title":{"rendered":"Biblioteca Regional de Actopan resguarda obra de muralistas locales e internacionales"},"content":{"rendered":"\n<p><strong>ACTOPAN<\/strong>. \u2013 La titular de la Secretar\u00eda de Cultura, Tania Meza Escorza inici\u00f3 la Gira de Trabajo para Supervisi\u00f3n de Bibliotecas P\u00fablicas Municipales y Comunitarias en la regi\u00f3n del Valle del Mezquital donde reconoci\u00f3 la obra de muralistas locales e internacionales que resguarda el recinto de Actopan.<\/p>\n\n\n\n<p>La Biblioteca P\u00fablica Regional Efr\u00e9n Rebolledo cuenta con \u00e1rea de Murales que conmemoran la fundaci\u00f3n de la ciudad y describen la po\u00e9tica er\u00f3tica del actopense Efr\u00e9n Rebolledo.<\/p>\n\n\n\n<p>Fueron realizados en 2014 por el Movimiento Muralista Internacional, coordinado por Jes\u00fas Rodr\u00edguez Ar\u00e9valo, con la participaci\u00f3n de las y los artistas de Actopan: Gabriel G\u00f3mez Jim\u00e9nez, Juan Ugalde Olgu\u00edn, Rosa Aurora Noriega Garc\u00eda, Elsa del Rosal Ibarra y Marco Antonio Hern\u00e1ndez.<\/p>\n\n\n\n<p>As\u00ed como Jes\u00fas Ram\u00edrez Sierra y Daniel Corona, de Hidalgo; Jes\u00fas Rodr\u00edguez Ar\u00e9valo, de Michoac\u00e1n, Ivonne Janet del Estado de M\u00e9xico, Mar\u00eda Eugenia Paz de Chile, Jenny&nbsp; Santiago de Colombia, Venantius Pinto de La India y el Colectivo Murart.<\/p>\n\n\n\n<p>\u201cQue impresionante el trabajo que se hace en la Biblioteca P\u00fablica Municipal Efr\u00e9n Rebolledo, es un recinto con vida propia gracias a estos murales extraordinarios que dejan un mensaje cultural y art\u00edstico trascendental para las infancias y juventudes que asisten, es un ejemplo de que el arte transforma vidas\u201d, declar\u00f3 Meza Escorza y reconoci\u00f3 el trabajo de la bibliotecaria Yaneth Garc\u00eda Villeda, as\u00ed como de la presidenta municipal de Actopan, Tatiana \u00c1ngeles Moreno.<\/p>\n\n\n\n<p>Durante la gira de trabajo por el Valle del Mezquital tambi\u00e9n acudi\u00f3 a la Biblioteca P\u00fablica Municipal Jos\u00e9 Vasconcelos, ubicada en San Agust\u00edn Tlaxiaca, donde destac\u00f3 en el trabajo que realizan las bibliotecarias Nicolasa Carrasco Vera, Oralia Cruz Tapia, Anahide Ordaz Jim\u00e9nez y Yenny Hern\u00e1ndez con la poblaci\u00f3n adulta mayor.<\/p>\n\n\n\n<p>Asimismo, visit\u00f3 la Biblioteca P\u00fablica Municipal Lic. Jos\u00e9 Luis Arteaga Mej\u00eda y la Biblioteca Comunitaria de Caltimac\u00e1n, ubicadas en Tasquillo, adem\u00e1s de la Biblioteca P\u00fablica Municipal Benito Ju\u00e1rez, en Alfajayucan, donde dicho municipio destaca por contar con el Auditorio de la Gente, un inmueble de alto nivel que brinda actividades art\u00edsticas y culturales para la poblaci\u00f3n.<\/p>\n","protected":false},"excerpt":{"rendered":"<p>ACTOPAN. \u2013 La titular de la Secretar\u00eda de Cultura, Tania Meza Escorza inici\u00f3 la Gira de Trabajo para Supervisi\u00f3n de Bibliotecas P\u00fablicas Municipales y Comunitarias en la regi\u00f3n del Valle del Mezquital donde reconoci\u00f3 la obra de muralistas locales e internacionales que resguarda el recinto de Actopan. La Biblioteca P\u00fablica Regional Efr\u00e9n Rebolledo cuenta con [&hellip;]<\/p>\n","protected":false},"author":93,"featured_media":272531,"comment_status":"closed","ping_status":"closed","sticky":false,"template":"","format":"standard","meta":{"footnotes":""},"categories":[2159,40],"tags":[],"class_list":["post-272526","post","type-post","status-publish","format-standard","has-post-thumbnail","hentry","category-noticias-de-hidalgo","category-region"],"_links":{"self":[{"href":"https:\/\/plazajuarez.mx\/historico\/wp-json\/wp\/v2\/posts\/272526","targetHints":{"allow":["GET"]}}],"collection":[{"href":"https:\/\/plazajuarez.mx\/historico\/wp-json\/wp\/v2\/posts"}],"about":[{"href":"https:\/\/plazajuarez.mx\/historico\/wp-json\/wp\/v2\/types\/post"}],"author":[{"embeddable":true,"href":"https:\/\/plazajuarez.mx\/historico\/wp-json\/wp\/v2\/users\/93"}],"replies":[{"embeddable":true,"href":"https:\/\/plazajuarez.mx\/historico\/wp-json\/wp\/v2\/comments?post=272526"}],"version-history":[{"count":0,"href":"https:\/\/plazajuarez.mx\/historico\/wp-json\/wp\/v2\/posts\/272526\/revisions"}],"wp:featuredmedia":[{"embeddable":true,"href":"https:\/\/plazajuarez.mx\/historico\/wp-json\/wp\/v2\/media\/272531"}],"wp:attachment":[{"href":"https:\/\/plazajuarez.mx\/historico\/wp-json\/wp\/v2\/media?parent=272526"}],"wp:term":[{"taxonomy":"category","embeddable":true,"href":"https:\/\/plazajuarez.mx\/historico\/wp-json\/wp\/v2\/categories?post=272526"},{"taxonomy":"post_tag","embeddable":true,"href":"https:\/\/plazajuarez.mx\/historico\/wp-json\/wp\/v2\/tags?post=272526"}],"curies":[{"name":"wp","href":"https:\/\/api.w.org\/{rel}","templated":true}]}}