{"id":27247,"date":"2016-08-24T16:31:30","date_gmt":"2016-08-24T16:31:30","guid":{"rendered":"http:\/\/plazajuarez.mx\/index\/index.php\/2016\/08\/24\/sin-designacion-aun-de-coordinador-de-bancada-parlamentaria\/"},"modified":"2016-08-24T16:31:30","modified_gmt":"2016-08-24T16:31:30","slug":"sin-designacion-aun-de-coordinador-de-bancada-parlamentaria","status":"publish","type":"post","link":"https:\/\/plazajuarez.mx\/historico\/sin-designacion-aun-de-coordinador-de-bancada-parlamentaria\/","title":{"rendered":"Sin designaci\u00f3n a\u00fan de coordinador de bancada parlamentaria"},"content":{"rendered":"<p id=\"docs-internal-guid-d7f73d93-bd64-4b26-6136-259a710394f3\" dir=\"ltr\" style=\"line-height: 1.2; margin-top: 0pt; margin-bottom: 0pt; text-align: justify;\">\u00a0<\/p>\n<p>\u00a0<\/p>\n<p dir=\"ltr\" style=\"line-height: 1.2; margin-top: 0pt; margin-bottom: 0pt; text-align: justify;\"><span style=\"font-size: 16px; font-family: 'Times New Roman'; color: #000000; background-color: transparent; font-weight: 400; font-style: normal; font-variant: normal; text-decoration: none; vertical-align: baseline;\">El representante del Partido Revolucionario Institucional (PRI) en Hidalgo, Roberto Rico Ruiz, inform\u00f3 que a\u00fan no queda definido cu\u00e1l de los dos mecanismos que se\u00f1ala el estatuto del tricolor para la designaci\u00f3n del coordinador de la fracci\u00f3n parlamentaria local se habr\u00e1 de utilizar, lo anterior con miras a las 63 Legislatura hidalguense.<\/span><\/p>\n<p>  <!--more-->  <\/p>\n<p>\u00a0<\/p>\n<p dir=\"ltr\" style=\"line-height: 1.2; margin-top: 0pt; margin-bottom: 0pt; text-align: justify;\"><span style=\"font-size: 16px; font-family: 'Times New Roman'; color: #000000; background-color: transparent; font-weight: 400; font-style: normal; font-variant: normal; text-decoration: none; vertical-align: baseline;\">Por lo anterior, explic\u00f3 \u201chay dos momentos, lo prev\u00e9n los estatutos; primero, est\u00e1 la designaci\u00f3n directa, que corresponder\u00eda al presidente del Comit\u00e9 Directivo Estatal, que en este caso es Alberto Mel\u00e9ndez Apodaca; mientras que la segunda forma, ser\u00eda a trav\u00e9s de un acuerdo con las diputadas y diputados \u00a0del grupo legislativo del PRI en Hidalgo\u201d.<\/span><\/p>\n<p>\u00a0<\/p>\n<p dir=\"ltr\" style=\"line-height: 1.2; margin-top: 0pt; margin-bottom: 0pt; text-align: justify;\"><span style=\"font-size: 16px; font-family: 'Times New Roman'; color: #000000; background-color: transparent; font-weight: 400; font-style: normal; font-variant: normal; text-decoration: none; vertical-align: baseline;\">De igual forma destac\u00f3 que ser\u00e1 en algunos d\u00edas cuando se determine el mecanismo y por ende se d\u00e9 a conocer el nombre de qui\u00e9n coordinar\u00e1 los trabajos del grupo parlamentario, y aunque ya se rumoran algunos nombres, el representante del PRI se\u00f1al\u00f3 que todo ir\u00e1 acorde a las \u00a0formas que el estatuto del partido se\u00f1ala, por lo que no se deben adelantar especulaciones.<\/span><\/p>\n<p>\u00a0<\/p>\n<p dir=\"ltr\" style=\"line-height: 1.2; margin-top: 0pt; margin-bottom: 0pt; text-align: justify;\"><span style=\"font-size: 16px; font-family: 'Times New Roman'; color: #000000; background-color: transparent; font-weight: 400; font-style: normal; font-variant: normal; text-decoration: none; vertical-align: baseline;\">Cabe destacar que son 10 nombres de los cuales emanar\u00e1 el coordinador de bancada tricolor, cinco hombres y cinco mujeres: Horacio Trejo Badillo, Ernesto V\u00e1zquez Baca, Manuel Ferm\u00edn Rivera Peralta, Luis Vega Card\u00f3n, Alejandro Canek V\u00e1zquez G\u00f3ngora, Erika Saab Lara, Marcela Vieyra Alamilla, Ana Leticia Cuatepotzo P\u00e9rez, Mayka Ortega Eguiluz, Mar\u00eda Luisa P\u00e9rez Perusqu\u00eda.<\/span><\/p>\n<p>\u00a0<\/p>\n<p dir=\"ltr\" style=\"line-height: 1.2; margin-top: 0pt; margin-bottom: 0pt; text-align: justify;\"><span style=\"font-size: 16px; font-family: 'Times New Roman'; color: #000000; background-color: transparent; font-weight: 400; font-style: normal; font-variant: normal; text-decoration: none; vertical-align: baseline;\">Y que de acuerdo a fuentes extraoficiales, el nombre que ha sido pronunciado con mayor \u00e9nfasis dentro del PRI, es el de Alejandro Canek V\u00e1zquez G\u00f3ngora, aunque \u00a0Roberto Rico Ruiz, s\u00f3lo haya se\u00f1alado que nadie est\u00e1 descartado y que nadie est\u00e1 como elegido. Por lo que el estatus sobre este asunto es incierto y ser\u00e1 en los pr\u00f3ximos d\u00edas cuando se d\u00e9 a conocer el nombre.<\/span><\/p>\n","protected":false},"excerpt":{"rendered":"<p>\u00a0 \u00a0 El representante del Partido Revolucionario Institucional (PRI) en Hidalgo, Roberto Rico Ruiz, inform\u00f3 que a\u00fan no queda definido cu\u00e1l de los dos mecanismos que se\u00f1ala el estatuto del tricolor para la designaci\u00f3n del coordinador de la fracci\u00f3n parlamentaria local se habr\u00e1 de utilizar, lo anterior con miras a las 63 Legislatura hidalguense.<\/p>\n","protected":false},"author":3,"featured_media":0,"comment_status":"open","ping_status":"open","sticky":false,"template":"","format":"standard","meta":{"footnotes":""},"categories":[59],"tags":[],"class_list":["post-27247","post","type-post","status-publish","format-standard","hentry","category-general"],"_links":{"self":[{"href":"https:\/\/plazajuarez.mx\/historico\/wp-json\/wp\/v2\/posts\/27247","targetHints":{"allow":["GET"]}}],"collection":[{"href":"https:\/\/plazajuarez.mx\/historico\/wp-json\/wp\/v2\/posts"}],"about":[{"href":"https:\/\/plazajuarez.mx\/historico\/wp-json\/wp\/v2\/types\/post"}],"author":[{"embeddable":true,"href":"https:\/\/plazajuarez.mx\/historico\/wp-json\/wp\/v2\/users\/3"}],"replies":[{"embeddable":true,"href":"https:\/\/plazajuarez.mx\/historico\/wp-json\/wp\/v2\/comments?post=27247"}],"version-history":[{"count":0,"href":"https:\/\/plazajuarez.mx\/historico\/wp-json\/wp\/v2\/posts\/27247\/revisions"}],"wp:attachment":[{"href":"https:\/\/plazajuarez.mx\/historico\/wp-json\/wp\/v2\/media?parent=27247"}],"wp:term":[{"taxonomy":"category","embeddable":true,"href":"https:\/\/plazajuarez.mx\/historico\/wp-json\/wp\/v2\/categories?post=27247"},{"taxonomy":"post_tag","embeddable":true,"href":"https:\/\/plazajuarez.mx\/historico\/wp-json\/wp\/v2\/tags?post=27247"}],"curies":[{"name":"wp","href":"https:\/\/api.w.org\/{rel}","templated":true}]}}