{"id":27245,"date":"2016-08-24T16:26:09","date_gmt":"2016-08-24T16:26:09","guid":{"rendered":"http:\/\/plazajuarez.mx\/index\/index.php\/2016\/08\/24\/sol-azteca-espera-resolucion-de-sala-superior\/"},"modified":"2016-08-24T16:26:09","modified_gmt":"2016-08-24T16:26:09","slug":"sol-azteca-espera-resolucion-de-sala-superior","status":"publish","type":"post","link":"https:\/\/plazajuarez.mx\/historico\/sol-azteca-espera-resolucion-de-sala-superior\/","title":{"rendered":"SOL AZTECA ESPERA RESOLUCI\u00d3N DE SALA SUPERIOR"},"content":{"rendered":"<p dir=\"ltr\" style=\"line-height: 1.295; margin-top: 0pt; margin-bottom: 8pt;\"><span style=\"font-size: 14.666666666666666px; font-family: Calibri; color: #000000; background-color: transparent; font-weight: 400; font-style: normal; font-variant: normal; text-decoration: none; vertical-align: baseline;\">\u00a0<\/span><\/p>\n<p dir=\"ltr\" style=\"line-height: 1.295; margin-top: 0pt; margin-bottom: 8pt;\"><span style=\"font-size: 14.666666666666666px; font-family: Calibri; color: #000000; background-color: transparent; font-weight: 400; font-style: normal; font-variant: normal; text-decoration: none; vertical-align: baseline;\">Derivado de la resoluci\u00f3n del Tribunal Electoral del Poder Judicial de la Federaci\u00f3n en la Sala Regional Toluca, validando los resultados de la elecci\u00f3n en el municipio de Tula de Allende, y anulando los de Zapotl\u00e1n de Ju\u00e1rez por rebase de tope de gastos de campa\u00f1a, el sol azteca espera la resoluci\u00f3n de la Sala Superior.<\/span><\/p>\n<p>  <!--more-->  <\/p>\n<p dir=\"ltr\" style=\"line-height: 1.295; margin-top: 0pt; margin-bottom: 8pt;\"><span style=\"font-size: 14.666666666666666px; font-family: Calibri; color: #000000; background-color: transparent; font-weight: 400; font-style: normal; font-variant: normal; text-decoration: none; vertical-align: baseline;\">En conferencia de prensa, Ram\u00f3n Flores Reyes, l\u00edder estatal del Partido de la Revoluci\u00f3n Democr\u00e1tica (PRD), record\u00f3 que en el caso de Zapotl\u00e1n los magistrados acreditaron el costo total de un evento, por ello el rebase del tope de gastos de campa\u00f1a, a pesar de que s\u00f3lo asisti\u00f3 como invitado.<\/span><\/p>\n<p dir=\"ltr\" style=\"line-height: 1.295; margin-top: 0pt; margin-bottom: 8pt;\"><span style=\"font-size: 14.666666666666666px; font-family: Calibri; color: #000000; background-color: transparent; font-weight: 400; font-style: normal; font-variant: normal; text-decoration: none; vertical-align: baseline;\">Mientras que en Tula de Allende, los magistrados no valoraron el hallazgo de una bodega con enseres y propaganda en favor de candidatos del tricolor.<\/span><\/p>\n<p dir=\"ltr\" style=\"line-height: 1.295; margin-top: 0pt; margin-bottom: 8pt;\"><span style=\"font-size: 14.666666666666666px; font-family: Calibri; color: #000000; background-color: transparent; font-weight: 400; font-style: normal; font-variant: normal; text-decoration: none; vertical-align: baseline;\">Ante estas resoluciones, que consideraron injustas, acudieron a la Sala Superior del Tribunal Electoral del Poder Judicial de la Federaci\u00f3n para apelar los dict\u00e1menes emitidos, asegurando que en este proceso cuentan con el respaldo total de la dirigencia nacional del sol azteca.<\/span><\/p>\n<p dir=\"ltr\" style=\"line-height: 1.295; margin-top: 0pt; margin-bottom: 8pt;\"><span style=\"font-size: 14.666666666666666px; font-family: Calibri; color: #000000; background-color: transparent; font-weight: 400; font-style: normal; font-variant: normal; text-decoration: none; vertical-align: baseline;\">En su oportunidad, Manuel Hern\u00e1ndez Badillo, candidato a presidente municipal de Tula de Allende refiri\u00f3 que \u201cSe mide con diferente rasero al partido del poder y al sol azteca\u201d, pues las determinaciones de los magistrados en la Sala Regional impactan en la vida democr\u00e1tica del estado y de los procesos electorales.<\/span><\/p>\n<p dir=\"ltr\" style=\"line-height: 1.295; margin-top: 0pt; margin-bottom: 8pt;\"><span style=\"font-size: 14.666666666666666px; font-family: Calibri; color: #000000; background-color: transparent; font-weight: 400; font-style: normal; font-variant: normal; text-decoration: none; vertical-align: baseline;\">En tanto, Erick Islas Cruz, candidato a la presidencia municipal por Zapotl\u00e1n, sentenci\u00f3 que la poblaci\u00f3n est\u00e1 enardecida por la resoluci\u00f3n, \u201cno quieren que nos roben la elecci\u00f3n municipal, est\u00e1n dispuestos a hacer lo que sea, estamos dando la batalla\u201d.<\/span><\/p>\n","protected":false},"excerpt":{"rendered":"<p>\u00a0 Derivado de la resoluci\u00f3n del Tribunal Electoral del Poder Judicial de la Federaci\u00f3n en la Sala Regional Toluca, validando los resultados de la elecci\u00f3n en el municipio de Tula de Allende, y anulando los de Zapotl\u00e1n de Ju\u00e1rez por rebase de tope de gastos de campa\u00f1a, el sol azteca espera la resoluci\u00f3n de la [&hellip;]<\/p>\n","protected":false},"author":3,"featured_media":0,"comment_status":"open","ping_status":"open","sticky":false,"template":"","format":"standard","meta":{"footnotes":""},"categories":[59],"tags":[],"class_list":["post-27245","post","type-post","status-publish","format-standard","hentry","category-general"],"_links":{"self":[{"href":"https:\/\/plazajuarez.mx\/historico\/wp-json\/wp\/v2\/posts\/27245","targetHints":{"allow":["GET"]}}],"collection":[{"href":"https:\/\/plazajuarez.mx\/historico\/wp-json\/wp\/v2\/posts"}],"about":[{"href":"https:\/\/plazajuarez.mx\/historico\/wp-json\/wp\/v2\/types\/post"}],"author":[{"embeddable":true,"href":"https:\/\/plazajuarez.mx\/historico\/wp-json\/wp\/v2\/users\/3"}],"replies":[{"embeddable":true,"href":"https:\/\/plazajuarez.mx\/historico\/wp-json\/wp\/v2\/comments?post=27245"}],"version-history":[{"count":0,"href":"https:\/\/plazajuarez.mx\/historico\/wp-json\/wp\/v2\/posts\/27245\/revisions"}],"wp:attachment":[{"href":"https:\/\/plazajuarez.mx\/historico\/wp-json\/wp\/v2\/media?parent=27245"}],"wp:term":[{"taxonomy":"category","embeddable":true,"href":"https:\/\/plazajuarez.mx\/historico\/wp-json\/wp\/v2\/categories?post=27245"},{"taxonomy":"post_tag","embeddable":true,"href":"https:\/\/plazajuarez.mx\/historico\/wp-json\/wp\/v2\/tags?post=27245"}],"curies":[{"name":"wp","href":"https:\/\/api.w.org\/{rel}","templated":true}]}}