{"id":272430,"date":"2023-07-26T05:59:00","date_gmt":"2023-07-26T11:59:00","guid":{"rendered":"https:\/\/plazajuarez.mx\/?p=272430"},"modified":"2023-07-25T18:00:58","modified_gmt":"2023-07-26T00:00:58","slug":"la-justicia-belga-declara-culpables-de-asesinato-a-seis-acusados-por-atentados-de-bruselas","status":"publish","type":"post","link":"https:\/\/plazajuarez.mx\/historico\/la-justicia-belga-declara-culpables-de-asesinato-a-seis-acusados-por-atentados-de-bruselas\/","title":{"rendered":"La Justicia belga declara culpables de asesinato a seis acusados por atentados de Bruselas"},"content":{"rendered":"\n<p>Un jurado popular belga declar\u00f3 este martes culpables de asesinato y tentativa de asesinato terrorista a seis de los diez acusados por los atentados de Bruselas de marzo de 2016, que provocaron 32 fallecidos y unos 300 heridos en dos ataques en el aeropuerto y una estaci\u00f3n de metro de la ciudad.<\/p>\n\n\n\n<p>Se trata de Salah Abdeslam, \u00fanico superviviente de los atentados de Par\u00eds en 2015, Mohamed Abrini, Osama Krayem, Ali El Haddad Asufi, Bilal El Makhoukhi y Osama Atar, supuesto cabecilla de la trama al que se considera fallecido en Siria en 2017, por lo que fue juzgado en ausencia.<\/p>\n\n\n\n<p>El jurado ha absuelto de esos delitos a los otros tres acusados por los mismos &#8211; Sofien Ayari, Herv\u00e9 Bayingana Muhirwa y Smail Farisi &#8211; mientras que al d\u00e9cimo hombre que se sent\u00f3 en el banquillo, Ibrahim Farisi, no se le imputaba este delito.<\/p>\n\n\n\n<p>Considera, no obstante, culpables de participar en las actividades de un grupo terrorista tanto a los seis culpables de asesinato como a Ayari y Muhirwa, mientras que los hermanos Farisi &#8211; los \u00fanicos que estaban en libertad hasta ahora &#8211; han resultado absueltos de todos los cargos.<\/p>\n\n\n\n<p>La presidenta del tribunal que juzga el caso, Laurence Massart, ley\u00f3 esta tarde el veredicto emitido por el jurado tras varios d\u00edas de deliberaci\u00f3n y siete meses de audiencias, aunque la condena se decidir\u00e1 en septiembre.<\/p>\n\n\n\n<p>Adem\u00e1s de los cargos de asesinato terrorista, a los diez acusados se les imputan los de tentativa de asesinato terrorista y participaci\u00f3n en las actividades de un grupo terrorista, con excepci\u00f3n de Ibrahim Farisi, a quien solo se le acusa de este \u00faltimo delito.<\/p>\n\n\n\n<p>La lectura del veredicto comenz\u00f3 poco despu\u00e9s de las 19.00 hora local (17.00 GMT), con casi cinco horas de retraso sobre el horario previsto, y se prolongar\u00e1 previsiblemente varias horas en presencia de una cincuentena de v\u00edctimas y familiares, m\u00e1s numerosas que durante las sesiones previas del juicio.<\/p>\n\n\n\n<p>Despu\u00e9s de leer -a una velocidad fren\u00e9tica- la respuesta del jurado popular a cada una de las 287 preguntas que deb\u00eda resolver para fijar la culpabilidad o inocencia de los acusados, la presidenta del tribunal reprodujo las motivaciones y argumentos en los que el jurado se bas\u00f3 para tomar sus decisiones.<\/p>\n\n\n\n<p>El jurado destac\u00f3 que los atentados provocaron, para un pa\u00eds como B\u00e9lgica, &#8220;un n\u00famero sin precedentes de v\u00edctimas que murieron en circunstancias particularmente violentas&#8221;, y record\u00f3 que fueron reivindicados por la organizaci\u00f3n terrorista Estado Isl\u00e1mico.<\/p>\n\n\n\n<p>Seg\u00fan relat\u00f3 Massart, el jurado popular justific\u00f3 la naturaleza terrorista de los ataques, alegando que los atentados pretendieron &#8220;desestabilizar las estructuras pol\u00edticas fundamentales&#8221; de B\u00e9lgica.<\/p>\n\n\n\n<p>&#8220;Estos hechos llevaron a un caos total y paralizaron al pa\u00eds impidiendo el desarrollo normal de las instituciones&#8221;, esgrimi\u00f3 el jurado.<\/p>\n\n\n\n<p>En el veredicto, el jurado tambi\u00e9n reconoci\u00f3 como v\u00edctimas mortales de los atentados a tres personas m\u00e1s que fallecieron despu\u00e9s de los mismos, ampliando as\u00ed de 32 a 35 la cifra oficial de fallecidos.<\/p>\n\n\n\n<p>En la sala de audiencias, dos v\u00edctimas que acudieron para escuchar el veredicto del jurado lo hicieron vistiendo un jersey serigrafiado con el lema &#8220;Las v\u00edctimas somos residuos clasificados&#8221;.<\/p>\n\n\n\n<p>Sylvia Vandeursen decidi\u00f3 ponerse este jersey para denunciar el &#8220;olvido&#8221; que han sufrido por parte del Estado belga tras los atentados y, en declaraciones a EFE, se mostr\u00f3 &#8220;decepcionada&#8221; por el veredicto del jurado porque, en su opini\u00f3n, los diez acusados &#8220;son culpables&#8221; de los hechos.<\/p>\n\n\n\n<p>Tras siete meses de audiencias, los doce miembros del jurado se retiraron a deliberar el 6 de julio y, tras dieciocho d\u00edas en los que han permanecido aislados, ayer alcanzaron un veredicto.<\/p>\n\n\n\n<p>La juez ley\u00f3 este martes la conclusiones de las 287 preguntas a las que han tenido que responder con &#8220;s\u00ed&#8221; o &#8220;no&#8221; y justificando las mismas para determinar la culpabilidad o inocencia de los acusados.<\/p>\n\n\n\n<p>El jurado y los tres magistrados que integran el tribunal volver\u00e1n a reunirse en septiembre para determinar las penas a las que se enfrentar\u00e1n los condenados.<\/p>\n","protected":false},"excerpt":{"rendered":"<p>Un jurado popular belga declar\u00f3 este martes culpables de asesinato y tentativa de asesinato terrorista a seis de los diez acusados por los atentados de Bruselas de marzo de 2016, que provocaron 32 fallecidos y unos 300 heridos en dos ataques en el aeropuerto y una estaci\u00f3n de metro de la ciudad. Se trata de [&hellip;]<\/p>\n","protected":false},"author":80,"featured_media":272431,"comment_status":"closed","ping_status":"closed","sticky":false,"template":"","format":"standard","meta":{"footnotes":""},"categories":[31],"tags":[],"class_list":["post-272430","post","type-post","status-publish","format-standard","has-post-thumbnail","hentry","category-orbe"],"_links":{"self":[{"href":"https:\/\/plazajuarez.mx\/historico\/wp-json\/wp\/v2\/posts\/272430","targetHints":{"allow":["GET"]}}],"collection":[{"href":"https:\/\/plazajuarez.mx\/historico\/wp-json\/wp\/v2\/posts"}],"about":[{"href":"https:\/\/plazajuarez.mx\/historico\/wp-json\/wp\/v2\/types\/post"}],"author":[{"embeddable":true,"href":"https:\/\/plazajuarez.mx\/historico\/wp-json\/wp\/v2\/users\/80"}],"replies":[{"embeddable":true,"href":"https:\/\/plazajuarez.mx\/historico\/wp-json\/wp\/v2\/comments?post=272430"}],"version-history":[{"count":0,"href":"https:\/\/plazajuarez.mx\/historico\/wp-json\/wp\/v2\/posts\/272430\/revisions"}],"wp:featuredmedia":[{"embeddable":true,"href":"https:\/\/plazajuarez.mx\/historico\/wp-json\/wp\/v2\/media\/272431"}],"wp:attachment":[{"href":"https:\/\/plazajuarez.mx\/historico\/wp-json\/wp\/v2\/media?parent=272430"}],"wp:term":[{"taxonomy":"category","embeddable":true,"href":"https:\/\/plazajuarez.mx\/historico\/wp-json\/wp\/v2\/categories?post=272430"},{"taxonomy":"post_tag","embeddable":true,"href":"https:\/\/plazajuarez.mx\/historico\/wp-json\/wp\/v2\/tags?post=272430"}],"curies":[{"name":"wp","href":"https:\/\/api.w.org\/{rel}","templated":true}]}}