{"id":27243,"date":"2016-08-24T16:23:39","date_gmt":"2016-08-24T16:23:39","guid":{"rendered":"http:\/\/plazajuarez.mx\/index\/index.php\/2016\/08\/24\/retratos-hablados-296\/"},"modified":"2016-08-24T16:23:39","modified_gmt":"2016-08-24T16:23:39","slug":"retratos-hablados-296","status":"publish","type":"post","link":"https:\/\/plazajuarez.mx\/historico\/retratos-hablados-296\/","title":{"rendered":"RETRATOS HABLADOS"},"content":{"rendered":"<p dir=\"ltr\" style=\"line-height: 1.295; margin-top: 0pt; margin-bottom: 8pt;\"><span style=\"font-size: 14.666666666666666px; font-family: Calibri; color: #000000; background-color: transparent; font-weight: 400; font-style: normal; font-variant: normal; text-decoration: none; vertical-align: baseline;\">A manera de despedida, el presidente del Patronato Universitario, <\/span><span style=\"font-size: 14.666666666666666px; font-family: Calibri; color: #000000; background-color: transparent; font-weight: bold; font-style: normal; font-variant: normal; text-decoration: none; vertical-align: baseline;\">Gerardo Sosa Castel\u00e1n<\/span><span style=\"font-size: 14.666666666666666px; font-family: Calibri; color: #000000; background-color: transparent; font-weight: 400; font-style: normal; font-variant: normal; text-decoration: none; vertical-align: baseline;\">, a trav\u00e9s de sus amanuenses, decidi\u00f3 publicar una carta abierta dirigida al gobernador <\/span><span style=\"font-size: 14.666666666666666px; font-family: Calibri; color: #000000; background-color: transparent; font-weight: bold; font-style: normal; font-variant: normal; text-decoration: none; vertical-align: baseline;\">Francisco Olvera Ruiz<\/span><span style=\"font-size: 14.666666666666666px; font-family: Calibri; color: #000000; background-color: transparent; font-weight: 400; font-style: normal; font-variant: normal; text-decoration: none; vertical-align: baseline;\">, en la que como eje central amaga con llevar en marcha a toda la comunidad de la Universidad Aut\u00f3noma del Estado de Hidalgo, si antes del d\u00eda 31 del presente mes, no reciben los m\u00e1s de 362 millones de pesos correspondientes al subsidio estatal ordinario y extraordinario.<\/span><\/p>\n<p>  <!--more-->  <\/p>\n<p dir=\"ltr\" style=\"line-height: 1.295; margin-top: 0pt; margin-bottom: 8pt;\"><span style=\"font-size: 14.666666666666666px; font-family: Calibri; color: #000000; background-color: transparent; font-weight: 400; font-style: normal; font-variant: normal; text-decoration: none; vertical-align: baseline;\">\u00a0\u00a0\u00a0 <\/span><span style=\"font-size: 14.666666666666666px; font-family: Calibri; color: #000000; background-color: transparent; font-weight: 400; font-style: normal; font-variant: normal; text-decoration: none; vertical-align: baseline;\">Tambi\u00e9n asegura que podr\u00edan verse en la necesidad de incrementar la colegiatura que pagan los estudiantes, cobrar el servicio de transporte conocido como Garzabus, entre muchas otras advertencias, luego de dar un pormenorizado informe de logros alcanzados por nuestra m\u00e1xima casa de estudios.<\/span><\/p>\n<p dir=\"ltr\" style=\"line-height: 1.295; margin-top: 0pt; margin-bottom: 8pt;\"><span style=\"font-size: 14.666666666666666px; font-family: Calibri; color: #000000; background-color: transparent; font-weight: 400; font-style: normal; font-variant: normal; text-decoration: none; vertical-align: baseline;\">\u00a0\u00a0\u00a0 <\/span><span style=\"font-size: 14.666666666666666px; font-family: Calibri; color: #000000; background-color: transparent; font-weight: 400; font-style: normal; font-variant: normal; text-decoration: none; vertical-align: baseline;\">El reclamo por el atraso en las transferencias de recursos tiene un sustento real, pero es evidente que el jefe pol\u00edtico de la UAEH decidi\u00f3 aprovechar la ocasi\u00f3n para asestar lo que pensar\u00eda, habr\u00eda de ser un golpe demoledor al gobernador que est\u00e1 a punto de dejar el cargo, y que en el cierre de su administraci\u00f3n ha manifestado que su legado ser\u00e1 de manera central en el ambiente educativo.<\/span><\/p>\n<p dir=\"ltr\" style=\"line-height: 1.295; margin-top: 0pt; margin-bottom: 8pt;\"><span style=\"font-size: 14.666666666666666px; font-family: Calibri; color: #000000; background-color: transparent; font-weight: 400; font-style: normal; font-variant: normal; text-decoration: none; vertical-align: baseline;\">\u00a0\u00a0\u00a0 <\/span><span style=\"font-size: 14.666666666666666px; font-family: Calibri; color: #000000; background-color: transparent; font-weight: 400; font-style: normal; font-variant: normal; text-decoration: none; vertical-align: baseline;\">A trav\u00e9s de un comunicado de prensa, el Jefe del Ejecutivo respondi\u00f3 que el tema ya fue tratado con las autoridades universitarias, a las que se les explic\u00f3 que el adeudo ser\u00e1 subsanado una vez que se cuente con las aportaciones federales en el ramo, adem\u00e1s de precisar que ya fueron realizados dep\u00f3sitos por 41.1 millones de pesos a la cuenta universitaria para demostrar su voluntad de cumplir con el pago se\u00f1alado. A la fecha, agrega, han sido aportados 312.16 millones de pesos.<\/span><\/p>\n<p dir=\"ltr\" style=\"line-height: 1.295; margin-top: 0pt; margin-bottom: 8pt;\"><span style=\"font-size: 14.666666666666666px; font-family: Calibri; color: #000000; background-color: transparent; font-weight: 400; font-style: normal; font-variant: normal; text-decoration: none; vertical-align: baseline;\">\u00a0\u00a0\u00a0 <\/span><span style=\"font-size: 14.666666666666666px; font-family: Calibri; color: #000000; background-color: transparent; font-weight: 400; font-style: normal; font-variant: normal; text-decoration: none; vertical-align: baseline;\"> Resulta evidente que el objetivo de la carta abierta que no firma el presidente del Patronato Universitario, pero que si lo hace el encargado de la rector\u00eda junto con un grupo de incondicionales, es exhibir a <\/span><span style=\"font-size: 14.666666666666666px; font-family: Calibri; color: #000000; background-color: transparent; font-weight: bold; font-style: normal; font-variant: normal; text-decoration: none; vertical-align: baseline;\">Olvera Ruiz<\/span><span style=\"font-size: 14.666666666666666px; font-family: Calibri; color: #000000; background-color: transparent; font-weight: 400; font-style: normal; font-variant: normal; text-decoration: none; vertical-align: baseline;\">, en una acci\u00f3n que denota el \u00e1nimo de cobrar afrentas reales o ficticias.<\/span><\/p>\n<p dir=\"ltr\" style=\"line-height: 1.295; margin-top: 0pt; margin-bottom: 8pt;\"><span style=\"font-size: 14.666666666666666px; font-family: Calibri; color: #000000; background-color: transparent; font-weight: 400; font-style: normal; font-variant: normal; text-decoration: none; vertical-align: baseline;\">\u00a0\u00a0\u00a0 <\/span><span style=\"font-size: 14.666666666666666px; font-family: Calibri; color: #000000; background-color: transparent; font-weight: 400; font-style: normal; font-variant: normal; text-decoration: none; vertical-align: baseline;\">Y por supuesto mostrar el poder que implica ser el eje central de todas las decisiones en la instituci\u00f3n educativa al gobernador electo, <\/span><span style=\"font-size: 14.666666666666666px; font-family: Calibri; color: #000000; background-color: transparent; font-weight: bold; font-style: normal; font-variant: normal; text-decoration: none; vertical-align: baseline;\">Omar Fayad Meneses<\/span><span style=\"font-size: 14.666666666666666px; font-family: Calibri; color: #000000; background-color: transparent; font-weight: 400; font-style: normal; font-variant: normal; text-decoration: none; vertical-align: baseline;\">, con detalles que ah\u00ed deja en su desplegado, para que sepa el futuro inquilino del Palacio de Gobierno, que la UAEH, es decir el grupo pol\u00edtico, tiene presencia en 27 municipios de la entidad, y cuenta en su haber a 54 mil 829 alumnos, 4 mil 273 acad\u00e9micos y mil trabajadores administrativos.<\/span><\/p>\n<p dir=\"ltr\" style=\"line-height: 1.295; margin-top: 0pt; margin-bottom: 8pt;\"><span style=\"font-size: 14.666666666666666px; font-family: Calibri; color: #000000; background-color: transparent; font-weight: 400; font-style: normal; font-variant: normal; text-decoration: none; vertical-align: baseline;\">\u00a0\u00a0\u00a0 <\/span><span style=\"font-size: 14.666666666666666px; font-family: Calibri; color: #000000; background-color: transparent; font-weight: 400; font-style: normal; font-variant: normal; text-decoration: none; vertical-align: baseline;\">Ese es el poder constante y sonante, en el entendido de que todos idolatraran la figura de quien ha sido el \u00fanico poder decisivo de la UAEH durante los \u00faltimos 30 a\u00f1os.<\/span><\/p>\n<p dir=\"ltr\" style=\"line-height: 1.295; margin-top: 0pt; margin-bottom: 8pt;\"><span style=\"font-size: 14.666666666666666px; font-family: Calibri; color: #000000; background-color: transparent; font-weight: 400; font-style: normal; font-variant: normal; text-decoration: none; vertical-align: baseline;\">\u00a0\u00a0\u00a0 <\/span><span style=\"font-size: 14.666666666666666px; font-family: Calibri; color: #000000; background-color: transparent; font-weight: 400; font-style: normal; font-variant: normal; text-decoration: none; vertical-align: baseline;\">Sin embargo, la exhibici\u00f3n de m\u00fasculo que decidi\u00f3 hacer ante un atraso en la entrega de partidas presupuestales, que no es un hecho extraordinario, s\u00ed en cambio entendible por las complicaciones en la federaci\u00f3n, a la postre puede resultarle contraproducente.<\/span><\/p>\n<p dir=\"ltr\" style=\"line-height: 1.295; margin-top: 0pt; margin-bottom: 8pt;\"><span style=\"font-size: 14.666666666666666px; font-family: Calibri; color: #000000; background-color: transparent; font-weight: 400; font-style: normal; font-variant: normal; text-decoration: none; vertical-align: baseline;\">\u00a0\u00a0\u00a0 <\/span><span style=\"font-size: 14.666666666666666px; font-family: Calibri; color: #000000; background-color: transparent; font-weight: 400; font-style: normal; font-variant: normal; text-decoration: none; vertical-align: baseline;\">Pocos s con tintes privados tan poderosos pol\u00edtica y econ\u00f3micamente como el Patronato Universitario, ya por ley presencia omnisciente en cualquier decisi\u00f3n que se tome al interior de la universidad hasta el fin de los tiempos.<\/span><\/p>\n<p dir=\"ltr\" style=\"line-height: 1.295; margin-top: 0pt; margin-bottom: 8pt;\"><span style=\"font-size: 14.666666666666666px; font-family: Calibri; color: #000000; background-color: transparent; font-weight: 400; font-style: normal; font-variant: normal; text-decoration: none; vertical-align: baseline;\">\u00a0\u00a0\u00a0 <\/span><span style=\"font-size: 14.666666666666666px; font-family: Calibri; color: #000000; background-color: transparent; font-weight: 400; font-style: normal; font-variant: normal; text-decoration: none; vertical-align: baseline;\">Pocos tambi\u00e9n tan opacos en el manejo que hace de recursos provenientes del manejo que hace del transporte universitario (que por supuesto no es gratuito), de los pabellones comerciales, de la renta de inmuebles como el Polideportivo entre muchos otros.<\/span><\/p>\n<p dir=\"ltr\" style=\"line-height: 1.295; margin-top: 0pt; margin-bottom: 8pt;\"><span style=\"font-size: 14.666666666666666px; font-family: Calibri; color: #000000; background-color: transparent; font-weight: 400; font-style: normal; font-variant: normal; text-decoration: none; vertical-align: baseline;\">\u00a0\u00a0\u00a0 <\/span><span style=\"font-size: 14.666666666666666px; font-family: Calibri; color: #000000; background-color: transparent; font-weight: 400; font-style: normal; font-variant: normal; text-decoration: none; vertical-align: baseline;\">En s\u00edntesis: no fue un reclamo leg\u00edtimo por dineros que son de los universitarios. S\u00ed en cambio un nuevo lance para cobrarse y cobrarle al destino que uno ya fue gobernador, y el otro nunca lo ser\u00e1.<\/span><\/p>\n<p dir=\"ltr\" style=\"line-height: 1.295; margin-top: 0pt; margin-bottom: 8pt;\"><span style=\"font-size: 14.666666666666666px; font-family: Calibri; color: #000000; background-color: transparent; font-weight: 400; font-style: normal; font-variant: normal; text-decoration: none; vertical-align: baseline;\">Mil gracias, hasta ma\u00f1ana.<\/span><\/p>\n<p dir=\"ltr\" style=\"line-height: 1.295; margin-top: 0pt; margin-bottom: 8pt;\"><a style=\"text-decoration: none;\" href=\"mailto:jeperalta@plazajuarez.mx\/historico\/historico\"><span style=\"font-size: 14.666666666666666px; font-family: Calibri; color: #0563c1; background-color: transparent; font-weight: 400; font-style: normal; font-variant: normal; text-decoration: underline; vertical-align: baseline;\">jeperalta@plazajuarez.mx\/historico\/historico<\/span><\/a><\/p>\n<p dir=\"ltr\" style=\"line-height: 1.295; margin-top: 0pt; margin-bottom: 8pt;\"><span style=\"font-size: 14.666666666666666px; font-family: Calibri; color: #000000; background-color: transparent; font-weight: 400; font-style: normal; font-variant: normal; text-decoration: none; vertical-align: baseline;\">twitter: @JavierEPeralta<\/span><\/p>\n<p>\u00a0<\/p>\n","protected":false},"excerpt":{"rendered":"<p>A manera de despedida, el presidente del Patronato Universitario, Gerardo Sosa Castel\u00e1n, a trav\u00e9s de sus amanuenses, decidi\u00f3 publicar una carta abierta dirigida al gobernador Francisco Olvera Ruiz, en la que como eje central amaga con llevar en marcha a toda la comunidad de la Universidad Aut\u00f3noma del Estado de Hidalgo, si antes del d\u00eda [&hellip;]<\/p>\n","protected":false},"author":3,"featured_media":0,"comment_status":"open","ping_status":"open","sticky":false,"template":"","format":"standard","meta":{"footnotes":""},"categories":[42],"tags":[],"class_list":["post-27243","post","type-post","status-publish","format-standard","hentry","category-nuestrapalabra"],"_links":{"self":[{"href":"https:\/\/plazajuarez.mx\/historico\/wp-json\/wp\/v2\/posts\/27243","targetHints":{"allow":["GET"]}}],"collection":[{"href":"https:\/\/plazajuarez.mx\/historico\/wp-json\/wp\/v2\/posts"}],"about":[{"href":"https:\/\/plazajuarez.mx\/historico\/wp-json\/wp\/v2\/types\/post"}],"author":[{"embeddable":true,"href":"https:\/\/plazajuarez.mx\/historico\/wp-json\/wp\/v2\/users\/3"}],"replies":[{"embeddable":true,"href":"https:\/\/plazajuarez.mx\/historico\/wp-json\/wp\/v2\/comments?post=27243"}],"version-history":[{"count":0,"href":"https:\/\/plazajuarez.mx\/historico\/wp-json\/wp\/v2\/posts\/27243\/revisions"}],"wp:attachment":[{"href":"https:\/\/plazajuarez.mx\/historico\/wp-json\/wp\/v2\/media?parent=27243"}],"wp:term":[{"taxonomy":"category","embeddable":true,"href":"https:\/\/plazajuarez.mx\/historico\/wp-json\/wp\/v2\/categories?post=27243"},{"taxonomy":"post_tag","embeddable":true,"href":"https:\/\/plazajuarez.mx\/historico\/wp-json\/wp\/v2\/tags?post=27243"}],"curies":[{"name":"wp","href":"https:\/\/api.w.org\/{rel}","templated":true}]}}