{"id":272427,"date":"2023-07-26T05:57:00","date_gmt":"2023-07-26T11:57:00","guid":{"rendered":"https:\/\/plazajuarez.mx\/?p=272427"},"modified":"2023-07-25T17:59:15","modified_gmt":"2023-07-25T23:59:15","slug":"decomisan_-2","status":"publish","type":"post","link":"https:\/\/plazajuarez.mx\/historico\/decomisan_-2\/","title":{"rendered":"Decomisan fusiles, lanzagranadas y pistolas en c\u00e1rcel donde murieron 18 presos en Ecuador"},"content":{"rendered":"\n<p>Las fuerzas del orden decomisaron fusiles, pistolas y un lanzagranadas al realizar un operativo para restablecer el orden en la Penitenciar\u00eda del Litoral, la c\u00e1rcel m\u00e1s grande y poblada de Ecuador, donde un enfrentamientos entre reclusos suscitado desde el pasado s\u00e1bado dej\u00f3 18 fallecidos.<\/p>\n\n\n\n<p>Las Fuerzas Armadas indicaron que, durante la intervenci\u00f3n militar en el pabell\u00f3n 9 de la Penitenciar\u00eda del Litoral, se decomisaron nueve fusiles, un lanzagranadas, cuatro pistolas, dos rev\u00f3lveres y mil balas para fusil calibre 5.56 mil\u00edmetros, entre otros.<\/p>\n\n\n\n<p>A trav\u00e9s de sus canales oficiales, las Fuerzas Armadas colocaron im\u00e1genes del material decomisado tras ingresar en la c\u00e1cel al amparo de un decreto de excepci\u00f3n emitido por el presidente de Ecuador, el conservador Guillermo Lasso.<\/p>\n\n\n\n<p>Seg\u00fan el Servicio Nacional de Atenci\u00f3n Integral a Personas Adultas Privadas de la Libertad y a Adolescentes Infractores (SNAI), encargado de las prisiones, este martes los reos de 5 c\u00e1rceles liberaron a 131 agentes de prisiones que hab\u00edan retenido entre el domingo y el lunes.<\/p>\n\n\n\n<p>El SNAI no ha informado sobre el n\u00famero de reos que est\u00e1n en huelga de hambre en 13 c\u00e1rceles, ni las razones para haber adoptado la medida de fuerza.<\/p>\n\n\n\n<p>Las c\u00e1rceles de Ecuador han sido desde 2020 escenario de una serie de masacres en las que han sido asesinados m\u00e1s de 468 presos, producto de enfrentamientos entre bandas rivales que se disputan el control interno de los centros de reclusi\u00f3n.<\/p>\n\n\n\n<p>A ello se suma las condiciones carcelarias, con un hacinamiento que puede llegar en algunos casos al 50 % de la capacidad de la c\u00e1rcel.<\/p>\n\n\n\n<p>La situaci\u00f3n de violencia tambi\u00e9n se ha trasladado a las calles, con los grupos del crimen organizado en disputa por el control de las rutas del narcotr\u00e1fico, en especial en la zona de la costa, donde est\u00e1n los puertos que han hecho de Ecuador uno de los principales trampolines de la coca\u00edna que llega a Europa y Norteam\u00e9rica.<\/p>\n","protected":false},"excerpt":{"rendered":"<p>Las fuerzas del orden decomisaron fusiles, pistolas y un lanzagranadas al realizar un operativo para restablecer el orden en la Penitenciar\u00eda del Litoral, la c\u00e1rcel m\u00e1s grande y poblada de Ecuador, donde un enfrentamientos entre reclusos suscitado desde el pasado s\u00e1bado dej\u00f3 18 fallecidos. Las Fuerzas Armadas indicaron que, durante la intervenci\u00f3n militar en el [&hellip;]<\/p>\n","protected":false},"author":80,"featured_media":272428,"comment_status":"closed","ping_status":"closed","sticky":false,"template":"","format":"standard","meta":{"footnotes":""},"categories":[31],"tags":[],"class_list":["post-272427","post","type-post","status-publish","format-standard","has-post-thumbnail","hentry","category-orbe"],"_links":{"self":[{"href":"https:\/\/plazajuarez.mx\/historico\/wp-json\/wp\/v2\/posts\/272427","targetHints":{"allow":["GET"]}}],"collection":[{"href":"https:\/\/plazajuarez.mx\/historico\/wp-json\/wp\/v2\/posts"}],"about":[{"href":"https:\/\/plazajuarez.mx\/historico\/wp-json\/wp\/v2\/types\/post"}],"author":[{"embeddable":true,"href":"https:\/\/plazajuarez.mx\/historico\/wp-json\/wp\/v2\/users\/80"}],"replies":[{"embeddable":true,"href":"https:\/\/plazajuarez.mx\/historico\/wp-json\/wp\/v2\/comments?post=272427"}],"version-history":[{"count":0,"href":"https:\/\/plazajuarez.mx\/historico\/wp-json\/wp\/v2\/posts\/272427\/revisions"}],"wp:featuredmedia":[{"embeddable":true,"href":"https:\/\/plazajuarez.mx\/historico\/wp-json\/wp\/v2\/media\/272428"}],"wp:attachment":[{"href":"https:\/\/plazajuarez.mx\/historico\/wp-json\/wp\/v2\/media?parent=272427"}],"wp:term":[{"taxonomy":"category","embeddable":true,"href":"https:\/\/plazajuarez.mx\/historico\/wp-json\/wp\/v2\/categories?post=272427"},{"taxonomy":"post_tag","embeddable":true,"href":"https:\/\/plazajuarez.mx\/historico\/wp-json\/wp\/v2\/tags?post=272427"}],"curies":[{"name":"wp","href":"https:\/\/api.w.org\/{rel}","templated":true}]}}