{"id":27240,"date":"2016-08-24T15:37:51","date_gmt":"2016-08-24T15:37:51","guid":{"rendered":"http:\/\/plazajuarez.mx\/index\/index.php\/2016\/08\/24\/alfil-negro-581\/"},"modified":"2016-08-24T15:37:51","modified_gmt":"2016-08-24T15:37:51","slug":"alfil-negro-581","status":"publish","type":"post","link":"https:\/\/plazajuarez.mx\/historico\/alfil-negro-581\/","title":{"rendered":"ALFIL NEGRO"},"content":{"rendered":"<p dir=\"ltr\" style=\"line-height: 1.295; margin-top: 0pt; margin-bottom: 8pt;\"><span style=\"font-size: 18.666666666666664px; font-family: Calibri; color: #000000; background-color: transparent; font-weight: 400; font-style: normal; font-variant: normal; text-decoration: none; vertical-align: baseline;\">\u00bfC\u00d3MO ESPERAN QUE GOBIERNE OMAR?<\/span><\/p>\n<p dir=\"ltr\" style=\"line-height: 1.295; margin-top: 0pt; margin-bottom: 8pt;\">\u00a0<\/p>\n<p dir=\"ltr\" style=\"line-height: 1.295; margin-top: 0pt; margin-bottom: 8pt;\"><span style=\"font-size: 18.666666666666664px; font-family: Calibri; color: #000000; background-color: transparent; font-weight: 400; font-style: normal; font-variant: normal; text-decoration: none; vertical-align: baseline;\">(12 d\u00edas para un nuevo sexenio en que OMAR FAYAD ser\u00e1 el nuevo Gobernador, con el compromiso de cerrarle el paso a la corrupci\u00f3n o el uso de los cargos para el negocio f\u00e1cil, la obtenci\u00f3n de ganancias il\u00edcitas y de llevarse dinero con el uso del poder que los cargos p\u00fablicos pueden dar o permitir y que los ciudadanos exigen no se permita como primer paso para un gobierno transparente en el que servir con honestidad sea el mayor honor.)<\/span><\/p>\n<p>  <!--more-->  <\/p>\n<p dir=\"ltr\" style=\"line-height: 1.295; margin-top: 0pt; margin-bottom: 8pt;\"><span style=\"font-size: 18.666666666666664px; font-family: Calibri; color: #000000; background-color: transparent; font-weight: 400; font-style: normal; font-variant: normal; text-decoration: none; vertical-align: baseline;\">A 12 d\u00edas de que haya cambio de gobierno y que un nuevo gobernador en la persona de OMAR FAYAD se haga cargo del Poder Ejecutivo, bien vale la pena preguntarse qu\u00e9 tipo de gobernador desea el ciudadano que llegue al Palacio de Gobierno y espera que gobierne al estado, de acuerdo a las circunstancias \u00a0que se viven en el estado a efecto de vivir en paz y camino al progreso para bien de las familias, de los hijos y de todo Hidalgo.<\/span><\/p>\n<p dir=\"ltr\" style=\"line-height: 1.295; margin-top: 0pt; margin-bottom: 8pt;\"><span style=\"font-size: 18.666666666666664px; font-family: Calibri; color: #000000; background-color: transparent; font-weight: 400; font-style: normal; font-variant: normal; text-decoration: none; vertical-align: baseline;\">Hay varios tipos de gobernado y de estilos de ejercer el poder y en ese sentido se pudiera hablar de un GOBERNADOR CONCILIADOR \u00a0que haga del di\u00e1logo y del acercamiento con los grupos pol\u00edticos, con la gente, con la ciudadan\u00eda la clave de su gobierno. Un GOBERNADOR DE OBRAS que dedique su tiempo a realizar obras en todo el estado para resolver la carencia de \u00a0escuelas, puentes, agua, drenajes, caminos, hospitales, y dem\u00e1s servicios de tal manera que centre su ejercicio en dar respuestas en este rengl\u00f3n a la ciudadan\u00eda y a los municipios.<\/span><\/p>\n<p dir=\"ltr\" style=\"line-height: 1.295; margin-top: 0pt; margin-bottom: 8pt;\"><span style=\"font-size: 18.666666666666664px; font-family: Calibri; color: #000000; background-color: transparent; font-weight: 400; font-style: normal; font-variant: normal; text-decoration: none; vertical-align: baseline;\">O bien un GOBERNADOR CAMPESINO \u00a0que subraye su gobierno en atender las urgencias del campo y por ello se pueda llamar el gobernador campesino. Y no faltar\u00e1n los que esperen a un GOBERNADOR DE LA INDUSTRIA o de las empresas que empuje al estado en este rengl\u00f3n b\u00e1sico para el futuro de Hidalgo de tal manera que dedique su esfuerzo sobre todo al crecimiento de Hidalgo en este rengl\u00f3n tan importante como es el crecimiento industrial y empresarial.<\/span><\/p>\n<p dir=\"ltr\" style=\"line-height: 1.295; margin-top: 0pt; margin-bottom: 8pt;\"><span style=\"font-size: 18.666666666666664px; font-family: Calibri; color: #000000; background-color: transparent; font-weight: 400; font-style: normal; font-variant: normal; text-decoration: none; vertical-align: baseline;\">SIN EMBARGO TODOS ESPERAN \u00a0UN GOBERNADOR FUERTE QUE NO LE TIEMBLE LA MANO PARA EJERCER EL PODER\u00b4<\/span><\/p>\n<p dir=\"ltr\" style=\"line-height: 1.295; margin-top: 0pt; margin-bottom: 8pt;\"><span style=\"font-size: 18.666666666666664px; font-family: Calibri; color: #000000; background-color: transparent; font-weight: 400; font-style: normal; font-variant: normal; text-decoration: none; vertical-align: baseline;\">Sin embargo y como resultado de pl\u00e1ticas parece imponerse en la opini\u00f3n de muchos la exigencia de que OMAR FAYAD \u00a0debe ser ante todo un GOBERNADOR FUERTE QUE NO LE TIEMBLE LA MANO PARA EJERCER EL PO0DER, de tal manera que como depositario del poder Ejecutivo imponga orden y disciplina en el gabinete que gobierne con \u00e9l para que lo hagan con honestidad y esp\u00edritu de servicio , atendiendo como meta central el servicio a los ciudadanos sin caer en la deshonestidad a la que \u00a0se le debe cerrar la puerta con una pol\u00edtica de cero tolerancia desde el principio. <\/span><\/p>\n<p dir=\"ltr\" style=\"line-height: 1.295; margin-top: 0pt; margin-bottom: 8pt;\"><span style=\"font-size: 18.666666666666664px; font-family: Calibri; color: #000000; background-color: transparent; font-weight: 400; font-style: normal; font-variant: normal; text-decoration: none; vertical-align: baseline;\">Un gobernador que imponga orden y disciplina en todos los \u00f3rdenes empezando por los grupos de vividores que se ostentan como organismos sociales que supuestamente luchan por los pobres pero que todo mundo sabe que lo que buscan es beneficios personales o de grupos con chantajes de manifestaciones y de acciones como cierre de carreteras o de edificios p\u00fablicos.<\/span><\/p>\n<p dir=\"ltr\" style=\"line-height: 1.295; margin-top: 0pt; margin-bottom: 8pt;\"><span style=\"font-size: 18.666666666666664px; font-family: Calibri; color: #000000; background-color: transparent; font-weight: 400; font-style: normal; font-variant: normal; text-decoration: none; vertical-align: baseline;\">Un gobernador fuerte que ponga en orden y discipline a personajes que durante a\u00f1os han vivido con el cuento del chantaje al gobierno desde instituciones tan respetables como la universidad y desde donde amenazan y buscan lesionar el poder que la gente le dio al gobernador con el manejo abusivo de una instituci\u00f3n tan respetable como la casa de estudios.<\/span><\/p>\n<p dir=\"ltr\" style=\"line-height: 1.295; margin-top: 0pt; margin-bottom: 8pt;\"><span style=\"font-size: 18.666666666666664px; font-family: Calibri; color: #000000; background-color: transparent; font-weight: 400; font-style: normal; font-variant: normal; text-decoration: none; vertical-align: baseline;\">Los mismos priistas lo que esperan es que el nuevo gobernador ponga orden en su partido dividido y enfrentado por luchas intestinas, nacidas por ambiciones del poder desde las c\u00fapulas m\u00e1s altas del mismo que lesionaron lo m\u00e1s valioso de este partido que es su unidad y que requieren de la mano firme de su l\u00edder m\u00e1ximo para recuperar lo que ha perdido.<\/span><\/p>\n<p dir=\"ltr\" style=\"line-height: 1.295; margin-top: 0pt; margin-bottom: 8pt;\"><span style=\"font-size: 18.666666666666664px; font-family: Calibri; color: #000000; background-color: transparent; font-weight: 400; font-style: normal; font-variant: normal; text-decoration: none; vertical-align: baseline;\">Un gobernador fuerte, de mano firme, sin descuidar todos los dem\u00e1s compromisos expresados ya en las siete rutas de desarrollo que forman la parte central de la propuesta de Omar, pero que requieren de un gobernador fuerte y firme en el tim\u00f3n del barco que se llama Hidalgo.<\/span><\/p>\n<p dir=\"ltr\" style=\"line-height: 1.295; margin-top: 0pt; margin-bottom: 8pt;\"><span style=\"font-size: 18.666666666666664px; font-family: Calibri; color: #000000; background-color: transparent; font-weight: 400; font-style: normal; font-variant: normal; text-decoration: none; vertical-align: baseline;\">\u201cNO ME TIEMBLA LA MANO PARA TOMAR DECISIONES\u201d: Omar Fayad<\/span><\/p>\n<p dir=\"ltr\" style=\"line-height: 1.295; margin-top: 0pt; margin-bottom: 8pt;\"><span style=\"font-size: 18.666666666666664px; font-family: Calibri; color: #000000; background-color: transparent; font-weight: 400; font-style: normal; font-variant: normal; text-decoration: none; vertical-align: baseline;\">El Gobernador electo tiene bien definido su modo de pensar sobre la firmeza a la hora de gobernar. En PLAZA JU\u00c1REZ nos lo dijo en una larga entrevista que publicamos el jueves 4 de febrero del 2016 y en la que a la pregunta <\/span><\/p>\n<p dir=\"ltr\" style=\"line-height: 1.295; margin-top: 0pt; margin-bottom: 8pt;\"><span style=\"font-size: 18.666666666666664px; font-family: Calibri; color: #000000; background-color: transparent; font-weight: 400; font-style: normal; font-variant: normal; text-decoration: none; vertical-align: baseline;\">P.-\u00bfQu\u00e9 deben esperar de Ti : Mano blandengue, o mano dura si eres gobernador?<\/span><\/p>\n<p dir=\"ltr\" style=\"line-height: 1.295; margin-top: 0pt; margin-bottom: 8pt;\"><span style=\"font-size: 18.666666666666664px; font-family: Calibri; color: #000000; background-color: transparent; font-weight: 400; font-style: normal; font-variant: normal; text-decoration: none; vertical-align: baseline;\">Su respuesta fue : \u201c<\/span><span style=\"font-size: 18.666666666666664px; font-family: Calibri; color: #000000; background-color: transparent; font-weight: bold; font-style: italic; font-variant: normal; text-decoration: none; vertical-align: baseline;\">YO SOY DE UN TRATO ALEGRE Y FESTIVO, PERO DE MANO FIRME. A MI NO ME TIEMBLA LA MANO PARA TOMAR DECISIONES Y LO HAN VISTO. QUIZ\u00c1 SOY DE LOS POCOS QUE TIENE ESA EXPERIENCIA A NIVEL ESTATAL PORQUE YA FUI GOBIERNO COMO ALCALDE, A NIVEL FEDERAL TAMBI\u00c9N TENGO EXPERIENCIA. SI TUVIERA MANO BLANDA, JAM\u00c1 ME HUBIERAN INVITADO A FORMAR LA POLIC\u00cdA FEDERAL, TAMPOCO COMO PROCURADOR CON LOS RESULTADOS \u00a0QUE TUVE. Y MUCHO MENOS ME HUBIERAN DADO EL PRIVILEGIO DE GOBERNAR. YO NO SOY NI MANO BLANDA NI DURA, ME CONSIDERO DE MANO FIRME, MUY FIRME PARA TOMAR DECISIONES, \u00a0DE PALABRA, QUE CUMPLE SU PALABRA .QUIZ\u00c1 UNA DE LAS COSAS QUE M\u00c1S VALGAN EN LA HISTORIA POL\u00cdTICA DE OMAR ES QUE ES UN HOMBRE QUE CUANDO EMPE\u00d1A SU PALABRA LA CUMPLE\u201d.<\/span><\/p>\n<p dir=\"ltr\" style=\"line-height: 1.295; margin-top: 0pt; margin-bottom: 8pt;\"><span style=\"font-size: 18.666666666666664px; font-family: Calibri; color: #000000; background-color: transparent; font-weight: 400; font-style: normal; font-variant: normal; text-decoration: none; vertical-align: baseline;\">Al buen entendedor pocas palabras.<\/span><\/p>\n<p dir=\"ltr\" style=\"line-height: 1.295; margin-top: 0pt; margin-bottom: 8pt;\"><span style=\"font-size: 18.666666666666664px; font-family: Calibri; color: #000000; background-color: transparent; font-weight: 400; font-style: normal; font-variant: normal; text-decoration: none; vertical-align: baseline;\">El nuevo gobernador ejercer\u00e1 el poder con mano firme y no le temblar\u00e1 la mano para tomar decisiones.<\/span><\/p>\n<p dir=\"ltr\" style=\"line-height: 1.295; margin-top: 0pt; margin-bottom: 8pt;\"><span style=\"font-size: 18.666666666666664px; font-family: Calibri; color: #000000; background-color: transparent; font-weight: 400; font-style: normal; font-variant: normal; text-decoration: none; vertical-align: baseline;\">Al que le quede el saco que se lo ponga.<\/span><\/p>\n","protected":false},"excerpt":{"rendered":"<p>\u00bfC\u00d3MO ESPERAN QUE GOBIERNE OMAR? \u00a0 (12 d\u00edas para un nuevo sexenio en que OMAR FAYAD ser\u00e1 el nuevo Gobernador, con el compromiso de cerrarle el paso a la corrupci\u00f3n o el uso de los cargos para el negocio f\u00e1cil, la obtenci\u00f3n de ganancias il\u00edcitas y de llevarse dinero con el uso del poder que [&hellip;]<\/p>\n","protected":false},"author":3,"featured_media":0,"comment_status":"open","ping_status":"open","sticky":false,"template":"","format":"standard","meta":{"footnotes":""},"categories":[42],"tags":[],"class_list":["post-27240","post","type-post","status-publish","format-standard","hentry","category-nuestrapalabra"],"_links":{"self":[{"href":"https:\/\/plazajuarez.mx\/historico\/wp-json\/wp\/v2\/posts\/27240","targetHints":{"allow":["GET"]}}],"collection":[{"href":"https:\/\/plazajuarez.mx\/historico\/wp-json\/wp\/v2\/posts"}],"about":[{"href":"https:\/\/plazajuarez.mx\/historico\/wp-json\/wp\/v2\/types\/post"}],"author":[{"embeddable":true,"href":"https:\/\/plazajuarez.mx\/historico\/wp-json\/wp\/v2\/users\/3"}],"replies":[{"embeddable":true,"href":"https:\/\/plazajuarez.mx\/historico\/wp-json\/wp\/v2\/comments?post=27240"}],"version-history":[{"count":0,"href":"https:\/\/plazajuarez.mx\/historico\/wp-json\/wp\/v2\/posts\/27240\/revisions"}],"wp:attachment":[{"href":"https:\/\/plazajuarez.mx\/historico\/wp-json\/wp\/v2\/media?parent=27240"}],"wp:term":[{"taxonomy":"category","embeddable":true,"href":"https:\/\/plazajuarez.mx\/historico\/wp-json\/wp\/v2\/categories?post=27240"},{"taxonomy":"post_tag","embeddable":true,"href":"https:\/\/plazajuarez.mx\/historico\/wp-json\/wp\/v2\/tags?post=27240"}],"curies":[{"name":"wp","href":"https:\/\/api.w.org\/{rel}","templated":true}]}}