{"id":27239,"date":"2016-08-24T01:27:13","date_gmt":"2016-08-24T01:27:13","guid":{"rendered":"http:\/\/plazajuarez.mx\/index\/index.php\/2016\/08\/24\/muere-la-actriz-evita-munoz-chachita\/"},"modified":"2016-08-24T01:27:13","modified_gmt":"2016-08-24T01:27:13","slug":"muere-la-actriz-evita-munoz-chachita","status":"publish","type":"post","link":"https:\/\/plazajuarez.mx\/historico\/muere-la-actriz-evita-munoz-chachita\/","title":{"rendered":"Muere la actriz Evita Mu\u00f1oz &#8220;Chachita&#8221;"},"content":{"rendered":"<p style=\"text-align: justify;\">La actriz Evita Mu\u00f1oz \u201cChachita\u201d falleci\u00f3 a los 79 a\u00f1os, seg\u00fan dio a conocer la periodista Mara Patricia Casta\u00f1eda.<\/p>\n<p>  <!--more-->  <\/p>\n<p style=\"text-align: justify;\">\u201cAlrededor de las 5:30 pm de hoy martes 24 falleci\u00f3 nuestra querida Evita Mu\u00f1oz, Chachita. Para Hugo Macotela, su esposo, todo mi cari\u00f1o\u201d, escribi\u00f3 la tarde de este martes en su cuenta de Twitter.<\/p>\n<p> El pasado junio &#8220;Chachita&#8221; estuvo en terapia intensiva debido a problemas respiratorios.<\/p>\n<p> Eva Mar\u00eda Mu\u00f1oz Ruiz &#8220;Chachita&#8221; naci\u00f3 el 26 de noviembre de 1936, en Orizaba, Veracruz. Hija \u00fanica del actor y cantante Francisco &#8220;Paco&#8221; Mu\u00f1oz y Ernestina Ruiz, comenz\u00f3 su carrera durante la \u00c9poca de Oro del Cine Mexicano antes de cumplir cuatro a\u00f1os.<\/p>\n<p> En su adolescencia coestelariz\u00f3 junto a Pedro Infante la trilog\u00eda de &#8220;Nosotros los Pobres&#8221; (1948), &#8220;Ustedes los Ricos&#8221; (1948) y &#8220;Pepe el Toro&#8221; (1952), tres de sus papeles m\u00e1s importantes. <span class=\"notaData\"><span class=\"etiquetas\">S<\/span><\/span>u esposo Hugo Mac\u00edas Macotela, se\u00f1al\u00f3 a que la actriz se fue en paz, contenta y rodeada de sus seres queridos. &#8220;Hoy en la ma\u00f1ana los m\u00e9dicos nos dijeron que esper\u00e1ramos lo peor, ella muri\u00f3 rodeada de todos sus hijos y de la familia hoy por la tarde, alrededor de las 5&#8221;, dijo.<\/p>\n<p> Explic\u00f3 que la salud de &#8220;Chachita&#8221; se hab\u00eda deteriorado desde hace un mes y nunca pudo recuperarse, a pesar de los intentos de los m\u00e9dicos por estabilizar su severa neumon\u00eda.<\/p>\n<p> &#8220;Se nos fue muy r\u00e1pido, en menos de un mes nos dijo adi\u00f3s, la verdad estoy destrozado, es y ser\u00e1 siempre mi compa\u00f1era de vida y creo que se fue en paz, rodeada de su gente. En 60 a\u00f1os de estar juntos nos pudimos decir todo lo que nos am\u00e1bamos y me siento tranquilo en esa parte&#8221;, se\u00f1al\u00f3.<\/p>\n<p> Acerca de los servicios f\u00fanebres, Mac\u00edas Macotela, dijo que a\u00fan no tiene planeado d\u00f3nde ser\u00e1 velado el cuerpo de la actriz y mucho menos d\u00f3nde ser\u00e1 sepultada.<\/p>\n<p> &#8220;Hoy no tengo cabeza para pensar en nada de eso, s\u00f3lo queremos estar en familia despidi\u00e9ndola y honrando su memoria&#8221;, a\u00f1adi\u00f3.<\/p>\n<p style=\"text-align: justify;\">Tras conocerse el fallecimiento de la actriz, varias personalidades del espect\u00e1culo lamentaron su partida.<\/p>\n<p style=\"text-align: justify;\">&#8220;De Chachita siempre recordar\u00e9 su profesionalismo, su amor por la actuaci\u00f3n, lo cari\u00f1osa y entra\u00f1able que siempre fue&#8230; Descanse en paz&#8221;, escribi\u00f3 en su cuenta de Twitter H\u00e9ctor Su\u00e1rez Gom\u00eds.<\/p>\n<p> &#8220;Mi mas sentido p\u00e9same mis condolencias a la Familia d mi querida Chachita @hugomaciasmacot lo siento en el alma QDEP&#8221;, dijo por su parte la actriz Laura Zapata.<\/p>\n<p> &#8220;Descansa en paz #EvitaMu\u00f1oz #Chachita&#8221;, se puede leer en el Twitter oficial de Banda El Recodo.<\/p>\n<p> Los cientos de usuarios en Twitter recordaron las pel\u00edculas de Evita Mu\u00f1oz, lamentaron su muerte y convirtieron en tendencia el apodo de la actriz.<\/p>\n","protected":false},"excerpt":{"rendered":"<p>La actriz Evita Mu\u00f1oz \u201cChachita\u201d falleci\u00f3 a los 79 a\u00f1os, seg\u00fan dio a conocer la periodista Mara Patricia Casta\u00f1eda.<\/p>\n","protected":false},"author":6,"featured_media":0,"comment_status":"open","ping_status":"open","sticky":false,"template":"","format":"standard","meta":{"footnotes":""},"categories":[38],"tags":[],"class_list":["post-27239","post","type-post","status-publish","format-standard","hentry","category-show"],"_links":{"self":[{"href":"https:\/\/plazajuarez.mx\/historico\/wp-json\/wp\/v2\/posts\/27239","targetHints":{"allow":["GET"]}}],"collection":[{"href":"https:\/\/plazajuarez.mx\/historico\/wp-json\/wp\/v2\/posts"}],"about":[{"href":"https:\/\/plazajuarez.mx\/historico\/wp-json\/wp\/v2\/types\/post"}],"author":[{"embeddable":true,"href":"https:\/\/plazajuarez.mx\/historico\/wp-json\/wp\/v2\/users\/6"}],"replies":[{"embeddable":true,"href":"https:\/\/plazajuarez.mx\/historico\/wp-json\/wp\/v2\/comments?post=27239"}],"version-history":[{"count":0,"href":"https:\/\/plazajuarez.mx\/historico\/wp-json\/wp\/v2\/posts\/27239\/revisions"}],"wp:attachment":[{"href":"https:\/\/plazajuarez.mx\/historico\/wp-json\/wp\/v2\/media?parent=27239"}],"wp:term":[{"taxonomy":"category","embeddable":true,"href":"https:\/\/plazajuarez.mx\/historico\/wp-json\/wp\/v2\/categories?post=27239"},{"taxonomy":"post_tag","embeddable":true,"href":"https:\/\/plazajuarez.mx\/historico\/wp-json\/wp\/v2\/tags?post=27239"}],"curies":[{"name":"wp","href":"https:\/\/api.w.org\/{rel}","templated":true}]}}