{"id":27238,"date":"2016-08-23T21:08:37","date_gmt":"2016-08-23T21:08:37","guid":{"rendered":"http:\/\/plazajuarez.mx\/index\/index.php\/2016\/08\/23\/invita-dif-pachuca-a-conferencia-sobre-convivencia-familiar-y-escolar\/"},"modified":"2016-08-23T21:08:37","modified_gmt":"2016-08-23T21:08:37","slug":"invita-dif-pachuca-a-conferencia-sobre-convivencia-familiar-y-escolar","status":"publish","type":"post","link":"https:\/\/plazajuarez.mx\/historico\/invita-dif-pachuca-a-conferencia-sobre-convivencia-familiar-y-escolar\/","title":{"rendered":"Invita DIF Pachuca a conferencia sobre convivencia familiar y escolar"},"content":{"rendered":"<p class=\"MsoNormal\" style=\"text-align: justify;\">El Sistema DIF Pachuca, dirigido por Gabriela Casta\u00f1eda Badillo en conjunto con el Centro Estatal de Justicia Alternativa, invit\u00f3 a las y los pachuque\u00f1os a la conferencia \u201cC\u00edrculos de sanaci\u00f3n para mejorar la convivencia familiar, escolar y de barrio\u201d, que ser\u00e1 impartida por Jorge Pesqueira Leal, este viernes 26 de agosto a las 16:30 horas, en el Sal\u00f3n Al\u00e9ria.<\/p>\n<p>  <!--more-->  <\/p>\n<p class=\"MsoNormal\" style=\"text-align: justify;\">Pesqueira Leal es especialista en Pol\u00edticas de Seguridad P\u00fablica y cuenta con estudios en Criminolog\u00eda y Mediaci\u00f3n; tiene amplia trayectoria como conferencista nacional e internacional y es presidente de Congresos Acad\u00e9micos, Nacionales e internacionales. Actualmente es director del Instituto de Mediaci\u00f3n de M\u00e9xico, S.C.; presidente del Centro de Mediaci\u00f3n y Arbitraje Comercial del Noroeste de M\u00e9xico, S.C; y coordinador general del Instituto Mexicano de Investigaci\u00f3n, Capacitaci\u00f3n y Desarrollo Humano, S.C.<\/p>\n<p style=\"text-align: justify;\">\u00a0<\/p>\n<p class=\"MsoNormal\" style=\"text-align: justify;\">La entrada a este evento es gratuita, para mayores informes comunicarse a las oficinas del Sistema DIF Municipal al 7177840 extensi\u00f3n 3116.<\/p>\n","protected":false},"excerpt":{"rendered":"<p>El Sistema DIF Pachuca, dirigido por Gabriela Casta\u00f1eda Badillo en conjunto con el Centro Estatal de Justicia Alternativa, invit\u00f3 a las y los pachuque\u00f1os a la conferencia \u201cC\u00edrculos de sanaci\u00f3n para mejorar la convivencia familiar, escolar y de barrio\u201d, que ser\u00e1 impartida por Jorge Pesqueira Leal, este viernes 26 de agosto a las 16:30 horas, [&hellip;]<\/p>\n","protected":false},"author":6,"featured_media":0,"comment_status":"open","ping_status":"open","sticky":false,"template":"","format":"standard","meta":{"footnotes":""},"categories":[59],"tags":[],"class_list":["post-27238","post","type-post","status-publish","format-standard","hentry","category-general"],"_links":{"self":[{"href":"https:\/\/plazajuarez.mx\/historico\/wp-json\/wp\/v2\/posts\/27238","targetHints":{"allow":["GET"]}}],"collection":[{"href":"https:\/\/plazajuarez.mx\/historico\/wp-json\/wp\/v2\/posts"}],"about":[{"href":"https:\/\/plazajuarez.mx\/historico\/wp-json\/wp\/v2\/types\/post"}],"author":[{"embeddable":true,"href":"https:\/\/plazajuarez.mx\/historico\/wp-json\/wp\/v2\/users\/6"}],"replies":[{"embeddable":true,"href":"https:\/\/plazajuarez.mx\/historico\/wp-json\/wp\/v2\/comments?post=27238"}],"version-history":[{"count":0,"href":"https:\/\/plazajuarez.mx\/historico\/wp-json\/wp\/v2\/posts\/27238\/revisions"}],"wp:attachment":[{"href":"https:\/\/plazajuarez.mx\/historico\/wp-json\/wp\/v2\/media?parent=27238"}],"wp:term":[{"taxonomy":"category","embeddable":true,"href":"https:\/\/plazajuarez.mx\/historico\/wp-json\/wp\/v2\/categories?post=27238"},{"taxonomy":"post_tag","embeddable":true,"href":"https:\/\/plazajuarez.mx\/historico\/wp-json\/wp\/v2\/tags?post=27238"}],"curies":[{"name":"wp","href":"https:\/\/api.w.org\/{rel}","templated":true}]}}