{"id":27237,"date":"2016-08-23T20:56:40","date_gmt":"2016-08-23T20:56:40","guid":{"rendered":"http:\/\/plazajuarez.mx\/index\/index.php\/2016\/08\/23\/pemex-liquidara-adeudos-a-proveedores-la-proxima-semana\/"},"modified":"2016-08-23T20:56:40","modified_gmt":"2016-08-23T20:56:40","slug":"pemex-liquidara-adeudos-a-proveedores-la-proxima-semana","status":"publish","type":"post","link":"https:\/\/plazajuarez.mx\/historico\/pemex-liquidara-adeudos-a-proveedores-la-proxima-semana\/","title":{"rendered":"Pemex liquidar\u00e1 adeudos a proveedores la pr\u00f3xima semana"},"content":{"rendered":"<p class=\"MsoNormal\" style=\"text-align: justify;\">El director general de Pemex, Jos\u00e9 Antonio Gonz\u00e1lez Anaya, dijo que en las pr\u00f3ximas semanas se liquidar\u00e1n los adeudos de la empresa productiva del Estado con sus proveedores.<\/p>\n<p>  <!--more-->  <\/p>\n<p class=\"MsoNormal\" style=\"text-align: justify;\">&#8220;En las siguientes semanas se va a cubrir el total. Ya no es un tema de caja sino de que se vayan cumpliendo todos los requisitos para que se puedan hacer los pagos&#8221;, dijo el directivo.<\/p>\n<p class=\"MsoNormal\" style=\"text-align: justify;\">Entrevistado al finalizar su participaci\u00f3n en la primera Convenci\u00f3n Nacional de Afore, el directivo dijo que hasta el momento se ha pagado m\u00e1s del 81% de los adeudos que la empresa arrastraba principalmente con peque\u00f1a y medianas empresas en varios estados del pa\u00eds.<\/p>\n<p style=\"text-align: justify;\">\u00a0<\/p>\n<p class=\"MsoNormal\" style=\"text-align: justify;\">&#8220;El pago a proveedores de Pemex va muy bien. La cifra a julio es que ya se pagaron 120 mil millones de pesos de los 147 de adeudo&#8221;, a\u00f1adi\u00f3.<\/p>\n","protected":false},"excerpt":{"rendered":"<p>El director general de Pemex, Jos\u00e9 Antonio Gonz\u00e1lez Anaya, dijo que en las pr\u00f3ximas semanas se liquidar\u00e1n los adeudos de la empresa productiva del Estado con sus proveedores.<\/p>\n","protected":false},"author":6,"featured_media":0,"comment_status":"open","ping_status":"open","sticky":false,"template":"","format":"standard","meta":{"footnotes":""},"categories":[36],"tags":[],"class_list":["post-27237","post","type-post","status-publish","format-standard","hentry","category-nacion"],"_links":{"self":[{"href":"https:\/\/plazajuarez.mx\/historico\/wp-json\/wp\/v2\/posts\/27237","targetHints":{"allow":["GET"]}}],"collection":[{"href":"https:\/\/plazajuarez.mx\/historico\/wp-json\/wp\/v2\/posts"}],"about":[{"href":"https:\/\/plazajuarez.mx\/historico\/wp-json\/wp\/v2\/types\/post"}],"author":[{"embeddable":true,"href":"https:\/\/plazajuarez.mx\/historico\/wp-json\/wp\/v2\/users\/6"}],"replies":[{"embeddable":true,"href":"https:\/\/plazajuarez.mx\/historico\/wp-json\/wp\/v2\/comments?post=27237"}],"version-history":[{"count":0,"href":"https:\/\/plazajuarez.mx\/historico\/wp-json\/wp\/v2\/posts\/27237\/revisions"}],"wp:attachment":[{"href":"https:\/\/plazajuarez.mx\/historico\/wp-json\/wp\/v2\/media?parent=27237"}],"wp:term":[{"taxonomy":"category","embeddable":true,"href":"https:\/\/plazajuarez.mx\/historico\/wp-json\/wp\/v2\/categories?post=27237"},{"taxonomy":"post_tag","embeddable":true,"href":"https:\/\/plazajuarez.mx\/historico\/wp-json\/wp\/v2\/tags?post=27237"}],"curies":[{"name":"wp","href":"https:\/\/api.w.org\/{rel}","templated":true}]}}