{"id":27236,"date":"2016-08-23T20:25:21","date_gmt":"2016-08-23T20:25:21","guid":{"rendered":"http:\/\/plazajuarez.mx\/index\/index.php\/2016\/08\/23\/realizan-septima-jornada-del-empleo-en-pachuca\/"},"modified":"2016-08-23T20:25:21","modified_gmt":"2016-08-23T20:25:21","slug":"realizan-septima-jornada-del-empleo-en-pachuca","status":"publish","type":"post","link":"https:\/\/plazajuarez.mx\/historico\/realizan-septima-jornada-del-empleo-en-pachuca\/","title":{"rendered":"Realizan S\u00e9ptima Jornada del Empleo en Pachuca"},"content":{"rendered":"<p style=\"text-align: justify;\">Se realiz\u00f3 la S\u00e9ptima Jornada del Empleo, organizada por el ayuntamiento de Pachuca, a trav\u00e9s de la Secretar\u00eda de Desarrollo Econ\u00f3mico Municipal (Sedeco).<\/p>\n<p>  <!--more-->  <\/p>\n<p style=\"text-align: justify;\">El presidente municipal, Eleazar Garc\u00eda S\u00e1nchez, enfatiz\u00f3 los resultados obtenidos por la dependencia municipal que dirige Guadalupe Atitl\u00e1n Gil, debido a que de 2012 a la fecha se organizaron cuatro ferias y diecisiete jornadas de empleo, por medio de las cuales se atendi\u00f3 a alrededor de siete mil personas.<\/p>\n<p style=\"text-align: justify;\">Por su parte, Atitl\u00e1n Gil asegur\u00f3 que la actual administraci\u00f3n benefici\u00f3 a m\u00e1s de mil 800 personas por medio de diversos cursos de capacitaci\u00f3n con apoyo de Banamex y de Nacional Financiera (Nafinsa), y con el \u00faltimo de estos: \u2018Trece pasos para tu plan de negocios y c\u00f3mo mejorar tus ventas\u2019, se entregaron las constancias a los participantes, adem\u00e1s de destacar las asesor\u00edas impartidas por el Centro Municipal de Negocios en el per\u00edodo 2012-2016, en beneficio de mil 500 interesados.<\/p>\n<p style=\"text-align: justify;\">La titular de la Sedeco Pachuca explic\u00f3 que tanto las ferias como las jornadas de empleo tienen la intenci\u00f3n de reunir en un mismo espacio a buscadores de empleo con instancias contratantes para facilitar la vinculaci\u00f3n entre ambos, ya que adem\u00e1s de facilitar el proceso de reclutamiento de las empresas, las personas interesadas ahorran tiempo y dinero por concepto de traslados.<\/p>\n<p style=\"text-align: justify;\">\u00a0<\/p>\n<p class=\"MsoNormal\" style=\"margin-bottom: 10pt; line-height: 115%; text-align: justify;\">Reiter\u00f3 que por medio de la S\u00e9ptima Jornada de Empleo, en la que participaron 31 empresas, las opciones estuvieron abiertas para acceder a un\u00a0 puesto de trabajo a personas de 18 a 60 a\u00f1os, en diversos giros.<\/p>\n","protected":false},"excerpt":{"rendered":"<p>Se realiz\u00f3 la S\u00e9ptima Jornada del Empleo, organizada por el ayuntamiento de Pachuca, a trav\u00e9s de la Secretar\u00eda de Desarrollo Econ\u00f3mico Municipal (Sedeco).<\/p>\n","protected":false},"author":6,"featured_media":0,"comment_status":"open","ping_status":"open","sticky":false,"template":"","format":"standard","meta":{"footnotes":""},"categories":[59],"tags":[],"class_list":["post-27236","post","type-post","status-publish","format-standard","hentry","category-general"],"_links":{"self":[{"href":"https:\/\/plazajuarez.mx\/historico\/wp-json\/wp\/v2\/posts\/27236","targetHints":{"allow":["GET"]}}],"collection":[{"href":"https:\/\/plazajuarez.mx\/historico\/wp-json\/wp\/v2\/posts"}],"about":[{"href":"https:\/\/plazajuarez.mx\/historico\/wp-json\/wp\/v2\/types\/post"}],"author":[{"embeddable":true,"href":"https:\/\/plazajuarez.mx\/historico\/wp-json\/wp\/v2\/users\/6"}],"replies":[{"embeddable":true,"href":"https:\/\/plazajuarez.mx\/historico\/wp-json\/wp\/v2\/comments?post=27236"}],"version-history":[{"count":0,"href":"https:\/\/plazajuarez.mx\/historico\/wp-json\/wp\/v2\/posts\/27236\/revisions"}],"wp:attachment":[{"href":"https:\/\/plazajuarez.mx\/historico\/wp-json\/wp\/v2\/media?parent=27236"}],"wp:term":[{"taxonomy":"category","embeddable":true,"href":"https:\/\/plazajuarez.mx\/historico\/wp-json\/wp\/v2\/categories?post=27236"},{"taxonomy":"post_tag","embeddable":true,"href":"https:\/\/plazajuarez.mx\/historico\/wp-json\/wp\/v2\/tags?post=27236"}],"curies":[{"name":"wp","href":"https:\/\/api.w.org\/{rel}","templated":true}]}}