{"id":272195,"date":"2023-07-25T06:00:00","date_gmt":"2023-07-25T12:00:00","guid":{"rendered":"https:\/\/plazajuarez.mx\/?p=272195"},"modified":"2023-07-24T18:03:31","modified_gmt":"2023-07-25T00:03:31","slug":"eu","status":"publish","type":"post","link":"https:\/\/plazajuarez.mx\/historico\/eu\/","title":{"rendered":"EE.UU. demanda a Texas por colocar boyas en el R\u00edo Grande para frenar a los migrantes"},"content":{"rendered":"\n<p>&nbsp;El Departamento de Justicia de Estados Unidos demand\u00f3 este lunes al estado de Texas por haber instalado sin autorizaci\u00f3n federal una barrera de boyas en el R\u00edo Grande, frontera natural con M\u00e9xico, con el objetivo de frenar el paso de los migrantes.<\/p>\n\n\n\n<p>La Fiscal\u00eda estadounidense hab\u00eda dado al gobernador de Texas, el republicano Gregg Abbott, un plazo que concluy\u00f3 este lunes para que retirara las boyas por los riesgos ambientales y humanitarios para los migrantes que supone dicha barrera.<\/p>\n\n\n\n<p>La demanda civil presentada exige la retirada de las boyas al considerar que Texas vulnera la Ley de r\u00edos y puertos de 1899 por haberlas instalado sin autorizaci\u00f3n del Gobierno del dem\u00f3crata Joe Biden.<\/p>\n\n\n\n<p>&#8220;Esta barrera flotante supone una amenaza para la navegaci\u00f3n y la seguridad p\u00fablica, adem\u00e1s de suscitar riesgos humanitarios. Adem\u00e1s, ha provocado la protesta diplom\u00e1tica de M\u00e9xico, poniendo en riesgo la pol\u00edtica exterior de Estados Unidos&#8221;, dijo en un comunicado la fiscal general adjunta Vanita Gupta.<\/p>\n\n\n\n<p>El Departamento de Justicia del Gobierno de Biden hab\u00eda amenazado la semana pasada con demandar al estado, pero el gobernador texano respondi\u00f3 este mismo lunes que se negaba a retirar las boyas.<\/p>\n\n\n\n<p>En una carta enviada a Biden, Abbott lo acus\u00f3 de inacci\u00f3n ante la llegada de migrantes a la frontera sur del pa\u00eds y afirm\u00f3 que &#8220;Texas utilizar\u00e1 plenamente su autoridad constitucional para lidiar&#8221; con esta crisis.<\/p>\n\n\n\n<p>El gobernador texano orden\u00f3 a principios de mes la instalaci\u00f3n de la barrera de boyas, adem\u00e1s de un alambrado para impedir el cruce de migrantes desde M\u00e9xico.<\/p>\n\n\n\n<p>Esta barrera ha provocado el rechazo de grupos proinmigrantes y ambientalistas, como tambi\u00e9n del Gobierno de M\u00e9xico, que envi\u00f3 una nota diplom\u00e1tica a Estados Unidos advirtiendo que la barrera viola el Tratado de Aguas entre ambos pa\u00edses.<\/p>\n\n\n\n<p>La Administraci\u00f3n de Biden reivindica adem\u00e1s que los cruces fronterizos han ca\u00eddo a sus niveles m\u00e1s bajos de los \u00faltimos dos a\u00f1os desde que en mayo comenz\u00f3 a aplicarse la nueva pol\u00edtica de restricciones en al frontera que sustituy\u00f3 al llamado T\u00edtulo 42, la norma sanitaria que permit\u00eda expulsar a migrantes por la pandemia de la covid-19.<\/p>\n\n\n\n<p>Un alto cargo del Gobierno dijo a la prensa que los republicanos &#8220;no tienen soluciones&#8221; y que &#8220;solo quieren el caos&#8221;.<\/p>\n\n\n\n<p>Abbott, conocido por su discurso antiinmigraci\u00f3n, comenz\u00f3 el a\u00f1o pasado a fletar autobuses para enviar migrantes que cruzaban la frontera mexicana con Texas a estados gobernados por dem\u00f3cratas.<\/p>\n","protected":false},"excerpt":{"rendered":"<p>&nbsp;El Departamento de Justicia de Estados Unidos demand\u00f3 este lunes al estado de Texas por haber instalado sin autorizaci\u00f3n federal una barrera de boyas en el R\u00edo Grande, frontera natural con M\u00e9xico, con el objetivo de frenar el paso de los migrantes. La Fiscal\u00eda estadounidense hab\u00eda dado al gobernador de Texas, el republicano Gregg Abbott, [&hellip;]<\/p>\n","protected":false},"author":80,"featured_media":272196,"comment_status":"closed","ping_status":"closed","sticky":false,"template":"","format":"standard","meta":{"footnotes":""},"categories":[31],"tags":[],"class_list":["post-272195","post","type-post","status-publish","format-standard","has-post-thumbnail","hentry","category-orbe"],"_links":{"self":[{"href":"https:\/\/plazajuarez.mx\/historico\/wp-json\/wp\/v2\/posts\/272195","targetHints":{"allow":["GET"]}}],"collection":[{"href":"https:\/\/plazajuarez.mx\/historico\/wp-json\/wp\/v2\/posts"}],"about":[{"href":"https:\/\/plazajuarez.mx\/historico\/wp-json\/wp\/v2\/types\/post"}],"author":[{"embeddable":true,"href":"https:\/\/plazajuarez.mx\/historico\/wp-json\/wp\/v2\/users\/80"}],"replies":[{"embeddable":true,"href":"https:\/\/plazajuarez.mx\/historico\/wp-json\/wp\/v2\/comments?post=272195"}],"version-history":[{"count":0,"href":"https:\/\/plazajuarez.mx\/historico\/wp-json\/wp\/v2\/posts\/272195\/revisions"}],"wp:featuredmedia":[{"embeddable":true,"href":"https:\/\/plazajuarez.mx\/historico\/wp-json\/wp\/v2\/media\/272196"}],"wp:attachment":[{"href":"https:\/\/plazajuarez.mx\/historico\/wp-json\/wp\/v2\/media?parent=272195"}],"wp:term":[{"taxonomy":"category","embeddable":true,"href":"https:\/\/plazajuarez.mx\/historico\/wp-json\/wp\/v2\/categories?post=272195"},{"taxonomy":"post_tag","embeddable":true,"href":"https:\/\/plazajuarez.mx\/historico\/wp-json\/wp\/v2\/tags?post=272195"}],"curies":[{"name":"wp","href":"https:\/\/api.w.org\/{rel}","templated":true}]}}