{"id":272192,"date":"2023-07-25T05:58:00","date_gmt":"2023-07-25T11:58:00","guid":{"rendered":"https:\/\/plazajuarez.mx\/?p=272192"},"modified":"2023-07-24T18:00:21","modified_gmt":"2023-07-25T00:00:21","slug":"niegan-que-silvia-pinal-este-delicada","status":"publish","type":"post","link":"https:\/\/plazajuarez.mx\/historico\/niegan-que-silvia-pinal-este-delicada\/","title":{"rendered":"Niegan que Silvia Pinal est\u00e9 delicada"},"content":{"rendered":"\n<p>Pidi\u00f3 que no se difunda informaci\u00f3n que no est\u00e9 sustentada con un parte m\u00e9dico<\/p>\n\n\n\n<p>Molesta y desconcertada, Sylvia Pasquel desminti\u00f3 que su mam\u00e1, la primera actriz Silvia Pinal, est\u00e9 atravesando una crisis de salud como lo afirmaron en redes sociales.<\/p>\n\n\n\n<p>A trav\u00e9s de un mensaje en Twitter, el publirelacionista Emilio Morales afirm\u00f3 que &#8220;el estado de salud de Do\u00f1a Silvia Pinal es delicado, luego de que desde la tarde de ayer (domingo), se encuentra con la presi\u00f3n muy baja, su sistema de defensas comprometido y con muy pocas fuerzas en general&#8221;; sin embargo, su hija mayor asegur\u00f3 que no es verdad.<\/p>\n\n\n\n<p>Breve pero tajante, Pasquel asegur\u00f3 que todo se trata de un invento y a pesar de los achaques propios de la edad, todav\u00eda hay Silvia para rato: &#8220;Ay no es cierto, este tipo no s\u00e9 por qu\u00e9 inventa esas cosas&#8221;, expres\u00f3 Sylvia Pasquel.&nbsp;<\/p>\n","protected":false},"excerpt":{"rendered":"<p>Pidi\u00f3 que no se difunda informaci\u00f3n que no est\u00e9 sustentada con un parte m\u00e9dico Molesta y desconcertada, Sylvia Pasquel desminti\u00f3 que su mam\u00e1, la primera actriz Silvia Pinal, est\u00e9 atravesando una crisis de salud como lo afirmaron en redes sociales. A trav\u00e9s de un mensaje en Twitter, el publirelacionista Emilio Morales afirm\u00f3 que &#8220;el estado [&hellip;]<\/p>\n","protected":false},"author":81,"featured_media":272193,"comment_status":"closed","ping_status":"closed","sticky":false,"template":"","format":"standard","meta":{"footnotes":""},"categories":[38],"tags":[],"class_list":["post-272192","post","type-post","status-publish","format-standard","has-post-thumbnail","hentry","category-show"],"_links":{"self":[{"href":"https:\/\/plazajuarez.mx\/historico\/wp-json\/wp\/v2\/posts\/272192","targetHints":{"allow":["GET"]}}],"collection":[{"href":"https:\/\/plazajuarez.mx\/historico\/wp-json\/wp\/v2\/posts"}],"about":[{"href":"https:\/\/plazajuarez.mx\/historico\/wp-json\/wp\/v2\/types\/post"}],"author":[{"embeddable":true,"href":"https:\/\/plazajuarez.mx\/historico\/wp-json\/wp\/v2\/users\/81"}],"replies":[{"embeddable":true,"href":"https:\/\/plazajuarez.mx\/historico\/wp-json\/wp\/v2\/comments?post=272192"}],"version-history":[{"count":0,"href":"https:\/\/plazajuarez.mx\/historico\/wp-json\/wp\/v2\/posts\/272192\/revisions"}],"wp:featuredmedia":[{"embeddable":true,"href":"https:\/\/plazajuarez.mx\/historico\/wp-json\/wp\/v2\/media\/272193"}],"wp:attachment":[{"href":"https:\/\/plazajuarez.mx\/historico\/wp-json\/wp\/v2\/media?parent=272192"}],"wp:term":[{"taxonomy":"category","embeddable":true,"href":"https:\/\/plazajuarez.mx\/historico\/wp-json\/wp\/v2\/categories?post=272192"},{"taxonomy":"post_tag","embeddable":true,"href":"https:\/\/plazajuarez.mx\/historico\/wp-json\/wp\/v2\/tags?post=272192"}],"curies":[{"name":"wp","href":"https:\/\/api.w.org\/{rel}","templated":true}]}}