{"id":272071,"date":"2023-07-24T10:00:03","date_gmt":"2023-07-24T16:00:03","guid":{"rendered":"https:\/\/plazajuarez.mx\/?p=272071"},"modified":"2023-07-24T10:00:05","modified_gmt":"2023-07-24T16:00:05","slug":"alistan-pruebas-dinamicas-del-tren-maya-fonatur","status":"publish","type":"post","link":"https:\/\/plazajuarez.mx\/historico\/alistan-pruebas-dinamicas-del-tren-maya-fonatur\/","title":{"rendered":"Alistan pruebas din\u00e1micas del Tren Maya: Fonatur"},"content":{"rendered":"\n<p class=\"wp-block-paragraph\">Javier May Rodr\u00edguez, director general del Fondo Nacional de Fomento al Turismo (Fonatur), inform\u00f3 que ya est\u00e1 listo el tramo para el inicio de las pruebas din\u00e1micas del Tren Maya.<\/p>\n\n\n\n<p class=\"wp-block-paragraph\">En la conferencia de prensa matutina, indic\u00f3 que tambi\u00e9n se avanza en las pruebas est\u00e1ticas de los cuatros primeros vagones del Tramo 4 del proyecto ferroviario, que corre de Izamal, Yucat\u00e1n a Canc\u00fan, Quintana Roo.<\/p>\n\n\n\n<p class=\"wp-block-paragraph\">&#8220;Se\u00f1or presidente podemos anunciar que ya est\u00e1 listo el tramo necesario para que en su momento inicien las pruebas din\u00e1micas del primer tren. En tanto en el taller y cochera de Canc\u00fan avanzan conforme al programa las pruebas est\u00e1ticas. Son pruebas relacionadas con el sistema el\u00e9ctrico, la conectividad entre los cuatro vagones, en cuanto a datos, red y se\u00f1alamientos. El Tren Maya ser\u00e1 inaugurado en diciembre del 2023 y se abrir\u00e1 a todo el mundo la posibilidad de conocer el sureste de M\u00e9xico en todo su esplendor&#8221;, afirm\u00f3.<\/p>\n\n\n\n<p class=\"wp-block-paragraph\">En Palacio Nacional, Javier May destac\u00f3 que en este tramo del proyecto ferroviario se han credo 62 mil empleos.<\/p>\n\n\n\n<p class=\"wp-block-paragraph\">Guadalupe Phillips Margain, directora general de Empresas ICA, detall\u00f3 que el avance en la construcci\u00f3n del tramo 4 es de 95%.<\/p>\n\n\n\n<p class=\"wp-block-paragraph\">&#8220;Como platicamos hace un mes, el tramo de prueba ya est\u00e1 listo en las dos v\u00edas&#8221;, agreg\u00f3.<\/p>\n","protected":false},"excerpt":{"rendered":"<p>Javier May Rodr\u00edguez, director general del Fondo Nacional de Fomento al Turismo (Fonatur), inform\u00f3 que ya est\u00e1 listo el tramo para el inicio de las pruebas din\u00e1micas del Tren Maya. En la conferencia de prensa matutina, indic\u00f3 que tambi\u00e9n se avanza en las pruebas est\u00e1ticas de los cuatros primeros vagones del Tramo 4 del proyecto [&hellip;]<\/p>\n","protected":false},"author":81,"featured_media":267962,"comment_status":"closed","ping_status":"closed","sticky":false,"template":"","format":"standard","meta":{"footnotes":""},"categories":[15,36,2160],"tags":[],"class_list":["post-272071","post","type-post","status-publish","format-standard","has-post-thumbnail","hentry","category-destacadas","category-nacion","category-noticias-de-la-ciudad-de-mexico"],"_links":{"self":[{"href":"https:\/\/plazajuarez.mx\/historico\/wp-json\/wp\/v2\/posts\/272071","targetHints":{"allow":["GET"]}}],"collection":[{"href":"https:\/\/plazajuarez.mx\/historico\/wp-json\/wp\/v2\/posts"}],"about":[{"href":"https:\/\/plazajuarez.mx\/historico\/wp-json\/wp\/v2\/types\/post"}],"author":[{"embeddable":true,"href":"https:\/\/plazajuarez.mx\/historico\/wp-json\/wp\/v2\/users\/81"}],"replies":[{"embeddable":true,"href":"https:\/\/plazajuarez.mx\/historico\/wp-json\/wp\/v2\/comments?post=272071"}],"version-history":[{"count":0,"href":"https:\/\/plazajuarez.mx\/historico\/wp-json\/wp\/v2\/posts\/272071\/revisions"}],"wp:featuredmedia":[{"embeddable":true,"href":"https:\/\/plazajuarez.mx\/historico\/wp-json\/wp\/v2\/media\/267962"}],"wp:attachment":[{"href":"https:\/\/plazajuarez.mx\/historico\/wp-json\/wp\/v2\/media?parent=272071"}],"wp:term":[{"taxonomy":"category","embeddable":true,"href":"https:\/\/plazajuarez.mx\/historico\/wp-json\/wp\/v2\/categories?post=272071"},{"taxonomy":"post_tag","embeddable":true,"href":"https:\/\/plazajuarez.mx\/historico\/wp-json\/wp\/v2\/tags?post=272071"}],"curies":[{"name":"wp","href":"https:\/\/api.w.org\/{rel}","templated":true}]}}