{"id":272046,"date":"2023-07-24T09:10:58","date_gmt":"2023-07-24T15:10:58","guid":{"rendered":"https:\/\/plazajuarez.mx\/?p=272046"},"modified":"2023-07-24T09:10:59","modified_gmt":"2023-07-24T15:10:59","slug":"regidores-y-delegados-dialogaran-por-crisis-politica-en-el-municipio","status":"publish","type":"post","link":"https:\/\/plazajuarez.mx\/historico\/regidores-y-delegados-dialogaran-por-crisis-politica-en-el-municipio\/","title":{"rendered":"Regidores y delegados, dialogar\u00e1n por crisis pol\u00edtica en el municipio"},"content":{"rendered":"\n<p><strong>MIXQUIAHUALA.-\u00a0 <\/strong>El 25 de julio pr\u00f3ximo, regidores y delegados municipales de las diferentes comunidades y colonias de Mixquiahuala, sostendr\u00e1n una reuni\u00f3n para informar sobre presuntas anomal\u00edas y malos manejos en la administraci\u00f3n municipal.\u00a0<\/p>\n\n\n\n<p>De acuerdo a un documento que ha sido enviado a los delegados municipales, subrayaron, que existe opacidad en el manejo de los recursos p\u00fablicos del municipio por parte de la presente administraci\u00f3n.<\/p>\n\n\n\n<p>Se\u00f1alan en el documento, que es urgente una nueva reglamentaci\u00f3n sobre la participaci\u00f3n social respecto al manejo de los recursos p\u00fablicos y en la toma de&nbsp; decisiones en cuanto a la distribuci\u00f3n de los recursos p\u00fablicos y sobre la forma en que estos son aplicados.&nbsp;<\/p>\n\n\n\n<p>Ante la crisis pol\u00edtica que vive actualmente el municipio, los regidores han citado a esta reuni\u00f3n informativa, donde adem\u00e1s explicar\u00e1n el proceso de impugnaci\u00f3n contra la decisi\u00f3n del Congreso de Hidalgo, de haber autorizado una licencia al alcalde, Jos\u00e9 Ram\u00f3n Amieva, sin haber tomado en cuenta al cabildo.&nbsp;<\/p>\n\n\n\n<p>Asimismo, la toma de protesta ilegal del secretario general, Yonattan \u00c1lvarez Cruz, quien asumi\u00f3 el cargo de presidente municipal desde la semana pasada, en una sesi\u00f3n de cabildo donde no hubo mayor\u00eda y adem\u00e1s sin la consideraci\u00f3n del cabildo.&nbsp;<\/p>\n","protected":false},"excerpt":{"rendered":"<p>MIXQUIAHUALA.-\u00a0 El 25 de julio pr\u00f3ximo, regidores y delegados municipales de las diferentes comunidades y colonias de Mixquiahuala, sostendr\u00e1n una reuni\u00f3n para informar sobre presuntas anomal\u00edas y malos manejos en la administraci\u00f3n municipal.\u00a0 De acuerdo a un documento que ha sido enviado a los delegados municipales, subrayaron, que existe opacidad en el manejo de los [&hellip;]<\/p>\n","protected":false},"author":75,"featured_media":272047,"comment_status":"closed","ping_status":"closed","sticky":false,"template":"","format":"standard","meta":{"footnotes":""},"categories":[2159,40],"tags":[],"class_list":["post-272046","post","type-post","status-publish","format-standard","has-post-thumbnail","hentry","category-noticias-de-hidalgo","category-region"],"_links":{"self":[{"href":"https:\/\/plazajuarez.mx\/historico\/wp-json\/wp\/v2\/posts\/272046","targetHints":{"allow":["GET"]}}],"collection":[{"href":"https:\/\/plazajuarez.mx\/historico\/wp-json\/wp\/v2\/posts"}],"about":[{"href":"https:\/\/plazajuarez.mx\/historico\/wp-json\/wp\/v2\/types\/post"}],"author":[{"embeddable":true,"href":"https:\/\/plazajuarez.mx\/historico\/wp-json\/wp\/v2\/users\/75"}],"replies":[{"embeddable":true,"href":"https:\/\/plazajuarez.mx\/historico\/wp-json\/wp\/v2\/comments?post=272046"}],"version-history":[{"count":0,"href":"https:\/\/plazajuarez.mx\/historico\/wp-json\/wp\/v2\/posts\/272046\/revisions"}],"wp:featuredmedia":[{"embeddable":true,"href":"https:\/\/plazajuarez.mx\/historico\/wp-json\/wp\/v2\/media\/272047"}],"wp:attachment":[{"href":"https:\/\/plazajuarez.mx\/historico\/wp-json\/wp\/v2\/media?parent=272046"}],"wp:term":[{"taxonomy":"category","embeddable":true,"href":"https:\/\/plazajuarez.mx\/historico\/wp-json\/wp\/v2\/categories?post=272046"},{"taxonomy":"post_tag","embeddable":true,"href":"https:\/\/plazajuarez.mx\/historico\/wp-json\/wp\/v2\/tags?post=272046"}],"curies":[{"name":"wp","href":"https:\/\/api.w.org\/{rel}","templated":true}]}}