{"id":272032,"date":"2023-07-24T08:18:18","date_gmt":"2023-07-24T14:18:18","guid":{"rendered":"https:\/\/plazajuarez.mx\/?p=272032"},"modified":"2023-07-24T08:18:19","modified_gmt":"2023-07-24T14:18:19","slug":"reformas-electorales-efectivas-solo-si-se-aprueban-antes-del-15-de-septiembre","status":"publish","type":"post","link":"https:\/\/plazajuarez.mx\/historico\/reformas-electorales-efectivas-solo-si-se-aprueban-antes-del-15-de-septiembre\/","title":{"rendered":"Reformas electorales, efectivas solo si se aprueban antes del 15 de septiembre"},"content":{"rendered":"\n<p>Julio Valera Piedras, diputado independiente y presidente de la Junta de Gobierno en la 65 Legislatura, inform\u00f3 que se agota el tiempo para dar salida al paquete de reformas en materia pol\u00edtico-electoral, ya que deber\u00e1n ser aprobadas antes del 15 de septiembre, a fin de se puedan aplicar al proceso electoral en puerta, mismo que tendr\u00e1 como parte medular la elecci\u00f3n de 2024.&nbsp;<\/p>\n\n\n\n<p>Por lo anterior, inform\u00f3 que el Congreso local recibi\u00f3 las observaciones realizadas por el Instituto Estatal Electoral (IEEH) para que se tenga el tiempo suficiente para integrarlas al dictamen final, trabajo que tendr\u00e1 que aprobarse por el pleno legislativo antes de que concluya el segundo periodo ordinario que concluye el 31 de julio, sin embargo, no descart\u00f3 la posibilidad de adelantar el periodo para que las reformas est\u00e9n en tiempo y forma, ya que el l\u00edmite es el 15 de septiembre y seg\u00fan dijo, no quieren agotar los tiempos.&nbsp;<\/p>\n\n\n\n<p>Entre las propuestas que hizo el IEEH y que contiene dicho paquete, est\u00e1n los derechos pol\u00edtico-electorales de la poblaci\u00f3n indigena y afrodescendientes de la entidad, as\u00ed como las cuatro iniciativas de reforma al C\u00f3digo Electoral del Estado y a la Ley Org\u00e1nica Municipal, que fueron presentadas por el Poder Ejecutivo de la entidad.<\/p>\n","protected":false},"excerpt":{"rendered":"<p>Julio Valera Piedras, diputado independiente y presidente de la Junta de Gobierno en la 65 Legislatura, inform\u00f3 que se agota el tiempo para dar salida al paquete de reformas en materia pol\u00edtico-electoral, ya que deber\u00e1n ser aprobadas antes del 15 de septiembre, a fin de se puedan aplicar al proceso electoral en puerta, mismo que [&hellip;]<\/p>\n","protected":false},"author":72,"featured_media":272040,"comment_status":"closed","ping_status":"closed","sticky":false,"template":"","format":"standard","meta":{"footnotes":""},"categories":[15,59],"tags":[],"class_list":["post-272032","post","type-post","status-publish","format-standard","has-post-thumbnail","hentry","category-destacadas","category-general"],"_links":{"self":[{"href":"https:\/\/plazajuarez.mx\/historico\/wp-json\/wp\/v2\/posts\/272032","targetHints":{"allow":["GET"]}}],"collection":[{"href":"https:\/\/plazajuarez.mx\/historico\/wp-json\/wp\/v2\/posts"}],"about":[{"href":"https:\/\/plazajuarez.mx\/historico\/wp-json\/wp\/v2\/types\/post"}],"author":[{"embeddable":true,"href":"https:\/\/plazajuarez.mx\/historico\/wp-json\/wp\/v2\/users\/72"}],"replies":[{"embeddable":true,"href":"https:\/\/plazajuarez.mx\/historico\/wp-json\/wp\/v2\/comments?post=272032"}],"version-history":[{"count":0,"href":"https:\/\/plazajuarez.mx\/historico\/wp-json\/wp\/v2\/posts\/272032\/revisions"}],"wp:featuredmedia":[{"embeddable":true,"href":"https:\/\/plazajuarez.mx\/historico\/wp-json\/wp\/v2\/media\/272040"}],"wp:attachment":[{"href":"https:\/\/plazajuarez.mx\/historico\/wp-json\/wp\/v2\/media?parent=272032"}],"wp:term":[{"taxonomy":"category","embeddable":true,"href":"https:\/\/plazajuarez.mx\/historico\/wp-json\/wp\/v2\/categories?post=272032"},{"taxonomy":"post_tag","embeddable":true,"href":"https:\/\/plazajuarez.mx\/historico\/wp-json\/wp\/v2\/tags?post=272032"}],"curies":[{"name":"wp","href":"https:\/\/api.w.org\/{rel}","templated":true}]}}