{"id":271995,"date":"2023-07-24T06:02:00","date_gmt":"2023-07-24T12:02:00","guid":{"rendered":"https:\/\/plazajuarez.mx\/?p=271995"},"modified":"2023-07-23T21:04:01","modified_gmt":"2023-07-24T03:04:01","slug":"henry-martin-advierte-somos-la-mejor-plantilla","status":"publish","type":"post","link":"https:\/\/plazajuarez.mx\/historico\/henry-martin-advierte-somos-la-mejor-plantilla\/","title":{"rendered":"Henry Mart\u00edn advierte: &#8220;Somos la mejor plantilla&#8221;\u00a0"},"content":{"rendered":"\n<p>&#8216;La Bomba&#8217;, quien buscar\u00e1 repetir un buen semestre con la \u00c1guilas del Am\u00e9rica, reconoci\u00f3 la calidad del plantel.<\/p>\n\n\n\n<p>&nbsp;(EL UNIVERSAL).- Despu\u00e9s de tener participaci\u00f3n con la Selecci\u00f3n Mexicana en la Copa Oro, Henry Mart\u00edn ha cambiado de chip y ahora \u00fanicamente se enfoca en tener un extraordinario semestre bajo las \u00f3rdenes de Andr\u00e9 Jardine.<br>&#8216;La Bomba&#8217;, quien buscar\u00e1 repetir un buen semestre con la \u00c1guilas del Am\u00e9rica, reconoci\u00f3 la calidad del plantel actual que elev\u00f3 su nivel con la incorporaci\u00f3n de Juli\u00e1n Qui\u00f1ones, un delantero con el que espera hacer gran mancuerna.<br>&#8220;Juli\u00e1n me hizo sufrir desde la lucha por el campeonato de goleo, es un gran jugador y excelente persona. Llega a sumar y tiene mucha calidad, ojal\u00e1 podamos hacer una gran mancuerna&#8221;, coment\u00f3.<br>Mart\u00edn, acept\u00f3 que con la incorporaci\u00f3n del colombiano Am\u00e9rica tiene la mejor plantilla de la Liga MX, pero destac\u00f3 que eso no es suficiente para ser campe\u00f3n.<\/p>\n","protected":false},"excerpt":{"rendered":"<p>&#8216;La Bomba&#8217;, quien buscar\u00e1 repetir un buen semestre con la \u00c1guilas del Am\u00e9rica, reconoci\u00f3 la calidad del plantel. &nbsp;(EL UNIVERSAL).- Despu\u00e9s de tener participaci\u00f3n con la Selecci\u00f3n Mexicana en la Copa Oro, Henry Mart\u00edn ha cambiado de chip y ahora \u00fanicamente se enfoca en tener un extraordinario semestre bajo las \u00f3rdenes de Andr\u00e9 Jardine.&#8216;La Bomba&#8217;, [&hellip;]<\/p>\n","protected":false},"author":81,"featured_media":271996,"comment_status":"closed","ping_status":"closed","sticky":false,"template":"","format":"standard","meta":{"footnotes":""},"categories":[39],"tags":[],"class_list":["post-271995","post","type-post","status-publish","format-standard","has-post-thumbnail","hentry","category-deportiva"],"_links":{"self":[{"href":"https:\/\/plazajuarez.mx\/historico\/wp-json\/wp\/v2\/posts\/271995","targetHints":{"allow":["GET"]}}],"collection":[{"href":"https:\/\/plazajuarez.mx\/historico\/wp-json\/wp\/v2\/posts"}],"about":[{"href":"https:\/\/plazajuarez.mx\/historico\/wp-json\/wp\/v2\/types\/post"}],"author":[{"embeddable":true,"href":"https:\/\/plazajuarez.mx\/historico\/wp-json\/wp\/v2\/users\/81"}],"replies":[{"embeddable":true,"href":"https:\/\/plazajuarez.mx\/historico\/wp-json\/wp\/v2\/comments?post=271995"}],"version-history":[{"count":0,"href":"https:\/\/plazajuarez.mx\/historico\/wp-json\/wp\/v2\/posts\/271995\/revisions"}],"wp:featuredmedia":[{"embeddable":true,"href":"https:\/\/plazajuarez.mx\/historico\/wp-json\/wp\/v2\/media\/271996"}],"wp:attachment":[{"href":"https:\/\/plazajuarez.mx\/historico\/wp-json\/wp\/v2\/media?parent=271995"}],"wp:term":[{"taxonomy":"category","embeddable":true,"href":"https:\/\/plazajuarez.mx\/historico\/wp-json\/wp\/v2\/categories?post=271995"},{"taxonomy":"post_tag","embeddable":true,"href":"https:\/\/plazajuarez.mx\/historico\/wp-json\/wp\/v2\/tags?post=271995"}],"curies":[{"name":"wp","href":"https:\/\/api.w.org\/{rel}","templated":true}]}}