{"id":271989,"date":"2023-07-24T05:56:00","date_gmt":"2023-07-24T11:56:00","guid":{"rendered":"https:\/\/plazajuarez.mx\/?p=271989"},"modified":"2023-07-23T20:58:33","modified_gmt":"2023-07-24T02:58:33","slug":"aspirante-del-frente-amplio-revive-iniciativa-sobre-portacion-de-armas","status":"publish","type":"post","link":"https:\/\/plazajuarez.mx\/historico\/aspirante-del-frente-amplio-revive-iniciativa-sobre-portacion-de-armas\/","title":{"rendered":"Aspirante del Frente Amplio revive iniciativa sobre portaci\u00f3n de armas"},"content":{"rendered":"\n<p>Para evitar robos o asaltos<\/p>\n\n\n\n<p>Ante los alarmantes \u00edndices de inseguridad que d\u00eda a d\u00eda incrementan, Jorge Luis Preciado Rodr\u00edguez, aspirante a la candidatura del Frente Amplio por M\u00e9xico, revivi\u00f3 su propuesta para que la ciudadan\u00eda pueda portar armas de fuego para su leg\u00edtima defensa.<\/p>\n\n\n\n<p>Record\u00f3 que, como coordinador del Grupo Parlamentario del PAN en el Senado de la Rep\u00fablica en octubre de 2016, present\u00f3 una iniciativa para reformar el Art\u00edculo 10 Constitucional, a fin de que los mexicanos puedan portar armas en sus veh\u00edculos o negocios para hacer frente a un robo o asalto.<\/p>\n\n\n\n<p>&#8220;Nadie puede atentar contra tu vida, contra tu libertad, contra tu familia, t\u00fa tienes en todo momento el derecho inalienable de defenderte, eso no te lo puede quitar nadie, ni el Estado&#8221;, apunt\u00f3.<\/p>\n\n\n\n<p>Destac\u00f3 el creciente n\u00famero de homicidios y personas lesionadas por armas de fuego durante un robo, por lo que hoy m\u00e1s que nunca se hace necesario retomar esta iniciativa para inhibir este tipo de il\u00edcitos.<\/p>\n\n\n\n<p>&#8220;Tenemos una delincuencia perfectamente armada contra una poblaci\u00f3n absolutamente sin la posibilidad de defenderse. Entonces t\u00fa no puedes permitir que te maten, cierto tipo de delitos s\u00ed disminuyen cuando la poblaci\u00f3n tiene la posibilidad de la leg\u00edtima defensa&#8221;, expres\u00f3.<\/p>\n","protected":false},"excerpt":{"rendered":"<p>Para evitar robos o asaltos Ante los alarmantes \u00edndices de inseguridad que d\u00eda a d\u00eda incrementan, Jorge Luis Preciado Rodr\u00edguez, aspirante a la candidatura del Frente Amplio por M\u00e9xico, revivi\u00f3 su propuesta para que la ciudadan\u00eda pueda portar armas de fuego para su leg\u00edtima defensa. Record\u00f3 que, como coordinador del Grupo Parlamentario del PAN en [&hellip;]<\/p>\n","protected":false},"author":81,"featured_media":271990,"comment_status":"closed","ping_status":"closed","sticky":false,"template":"","format":"standard","meta":{"footnotes":""},"categories":[36],"tags":[],"class_list":["post-271989","post","type-post","status-publish","format-standard","has-post-thumbnail","hentry","category-nacion"],"_links":{"self":[{"href":"https:\/\/plazajuarez.mx\/historico\/wp-json\/wp\/v2\/posts\/271989","targetHints":{"allow":["GET"]}}],"collection":[{"href":"https:\/\/plazajuarez.mx\/historico\/wp-json\/wp\/v2\/posts"}],"about":[{"href":"https:\/\/plazajuarez.mx\/historico\/wp-json\/wp\/v2\/types\/post"}],"author":[{"embeddable":true,"href":"https:\/\/plazajuarez.mx\/historico\/wp-json\/wp\/v2\/users\/81"}],"replies":[{"embeddable":true,"href":"https:\/\/plazajuarez.mx\/historico\/wp-json\/wp\/v2\/comments?post=271989"}],"version-history":[{"count":0,"href":"https:\/\/plazajuarez.mx\/historico\/wp-json\/wp\/v2\/posts\/271989\/revisions"}],"wp:featuredmedia":[{"embeddable":true,"href":"https:\/\/plazajuarez.mx\/historico\/wp-json\/wp\/v2\/media\/271990"}],"wp:attachment":[{"href":"https:\/\/plazajuarez.mx\/historico\/wp-json\/wp\/v2\/media?parent=271989"}],"wp:term":[{"taxonomy":"category","embeddable":true,"href":"https:\/\/plazajuarez.mx\/historico\/wp-json\/wp\/v2\/categories?post=271989"},{"taxonomy":"post_tag","embeddable":true,"href":"https:\/\/plazajuarez.mx\/historico\/wp-json\/wp\/v2\/tags?post=271989"}],"curies":[{"name":"wp","href":"https:\/\/api.w.org\/{rel}","templated":true}]}}