{"id":271983,"date":"2023-07-24T06:48:00","date_gmt":"2023-07-24T12:48:00","guid":{"rendered":"https:\/\/plazajuarez.mx\/?p=271983"},"modified":"2023-07-23T20:53:57","modified_gmt":"2023-07-24T02:53:57","slug":"todo-mundo-tiene-miedo-a-debatir-afirma-marcelo-ebrard","status":"publish","type":"post","link":"https:\/\/plazajuarez.mx\/historico\/todo-mundo-tiene-miedo-a-debatir-afirma-marcelo-ebrard\/","title":{"rendered":"&#8220;Todo mundo tiene miedo a debatir&#8221;, afirma Marcelo Ebrard"},"content":{"rendered":"\n<p><\/p>\n\n\n\n<p>El aspirante a la candidatura presidencial por parte de Morena, Marcelo Ebrard, asegur\u00f3 que todo el mundo tiene miedo de debatir con \u00e9l, tras la negativa de X\u00f3chitl G\u00e1lvez a sostener un encuentro en esa materia.<\/p>\n\n\n\n<p>&#8220;Pues todo mundo tiene miedo, entonces yo aqu\u00ed sigo&#8221;, se\u00f1al\u00f3 en entrevista con medios de comunicaci\u00f3n.<\/p>\n\n\n\n<p>El ex canciller acudi\u00f3 al municipio de Naucalpan, en el Estado de M\u00e9xico, donde convivi\u00f3 con j\u00f3venes que se ejercitan en las barras praderas.<\/p>\n\n\n\n<p>En el evento, salud\u00f3 a los asistentes, hizo una rutina de ejercicio para pecho y brazo, y hasta bail\u00f3 al ritmo de Caballo Dorado con la canci\u00f3n &#8220;No rompas m\u00e1s&#8221;.<\/p>\n\n\n\n<p>Ebrard Casaub\u00f3n aprovech\u00f3 para hablar a los j\u00f3venes sobre la importancia del deporte y el trabajo en comunidad para erradicar la inseguridad en dicho municipio.<\/p>\n\n\n\n<p>Tambi\u00e9n habl\u00f3 de su plan ANGEL, y dijo que para lograrlo aprovechar\u00e1 los cimientos que ya hay de la Cuarta Transformaci\u00f3n.<\/p>\n\n\n\n<p>Al ser cuestionado sobre sus gastos en espectaculares, Marcelo dijo que &#8220;No. No tenemos nosotros gasto en espectaculares&#8221;.<\/p>\n","protected":false},"excerpt":{"rendered":"<p>El aspirante a la candidatura presidencial por parte de Morena, Marcelo Ebrard, asegur\u00f3 que todo el mundo tiene miedo de debatir con \u00e9l, tras la negativa de X\u00f3chitl G\u00e1lvez a sostener un encuentro en esa materia. &#8220;Pues todo mundo tiene miedo, entonces yo aqu\u00ed sigo&#8221;, se\u00f1al\u00f3 en entrevista con medios de comunicaci\u00f3n. El ex canciller [&hellip;]<\/p>\n","protected":false},"author":81,"featured_media":271984,"comment_status":"closed","ping_status":"closed","sticky":false,"template":"","format":"standard","meta":{"footnotes":""},"categories":[36],"tags":[],"class_list":["post-271983","post","type-post","status-publish","format-standard","has-post-thumbnail","hentry","category-nacion"],"_links":{"self":[{"href":"https:\/\/plazajuarez.mx\/historico\/wp-json\/wp\/v2\/posts\/271983","targetHints":{"allow":["GET"]}}],"collection":[{"href":"https:\/\/plazajuarez.mx\/historico\/wp-json\/wp\/v2\/posts"}],"about":[{"href":"https:\/\/plazajuarez.mx\/historico\/wp-json\/wp\/v2\/types\/post"}],"author":[{"embeddable":true,"href":"https:\/\/plazajuarez.mx\/historico\/wp-json\/wp\/v2\/users\/81"}],"replies":[{"embeddable":true,"href":"https:\/\/plazajuarez.mx\/historico\/wp-json\/wp\/v2\/comments?post=271983"}],"version-history":[{"count":0,"href":"https:\/\/plazajuarez.mx\/historico\/wp-json\/wp\/v2\/posts\/271983\/revisions"}],"wp:featuredmedia":[{"embeddable":true,"href":"https:\/\/plazajuarez.mx\/historico\/wp-json\/wp\/v2\/media\/271984"}],"wp:attachment":[{"href":"https:\/\/plazajuarez.mx\/historico\/wp-json\/wp\/v2\/media?parent=271983"}],"wp:term":[{"taxonomy":"category","embeddable":true,"href":"https:\/\/plazajuarez.mx\/historico\/wp-json\/wp\/v2\/categories?post=271983"},{"taxonomy":"post_tag","embeddable":true,"href":"https:\/\/plazajuarez.mx\/historico\/wp-json\/wp\/v2\/tags?post=271983"}],"curies":[{"name":"wp","href":"https:\/\/api.w.org\/{rel}","templated":true}]}}