{"id":271963,"date":"2023-07-24T06:32:00","date_gmt":"2023-07-24T12:32:00","guid":{"rendered":"https:\/\/plazajuarez.mx\/?p=271963"},"modified":"2023-07-23T19:33:46","modified_gmt":"2023-07-24T01:33:46","slug":"rescatan-a-148-migrantes-centroamericanos-hacinados-en-tractocamion","status":"publish","type":"post","link":"https:\/\/plazajuarez.mx\/historico\/rescatan-a-148-migrantes-centroamericanos-hacinados-en-tractocamion\/","title":{"rendered":"Rescatan a 148 migrantes centroamericanos hacinados en tractocami\u00f3n"},"content":{"rendered":"\n<p>Elementos de la Guardia Nacional (GN), en coordinaci\u00f3n con el Instituto Nacional de Migraci\u00f3n (INM), rescataron en Veracruz a 148 personas migrantes de Centroam\u00e9rica, que viajaban dentro de un tractocami\u00f3n.<\/p>\n\n\n\n<p>En la carretera Tinaja-Cosoleacaque, integrantes de la GN observaron un cami\u00f3n de carga estacionado y con las luces intermitentes encendidas, al aproximarse al veh\u00edculo, los elementos no encontraron al conductor, pero escucharon gritos provenientes de la caja seca de la unidad, por lo que de inmediato abrieron el compartimento de carga y se encontraron con las personas, a quienes ayudaron a salir; algunas presentaban s\u00edntomas de deshidrataci\u00f3n, como consecuencia del hacinamiento y las altas temperaturas.<\/p>\n\n\n\n<p>Las personas migrantes fueron apoyadas con los primeros auxilios y, al entrevistarlos, expresaron que son provenientes de Centroam\u00e9rica, de pa\u00edses de El Salvador, Guatemala y Honduras, y que se dirig\u00edan a Texas, Estados Unidos.<\/p>\n","protected":false},"excerpt":{"rendered":"<p>Elementos de la Guardia Nacional (GN), en coordinaci\u00f3n con el Instituto Nacional de Migraci\u00f3n (INM), rescataron en Veracruz a 148 personas migrantes de Centroam\u00e9rica, que viajaban dentro de un tractocami\u00f3n. En la carretera Tinaja-Cosoleacaque, integrantes de la GN observaron un cami\u00f3n de carga estacionado y con las luces intermitentes encendidas, al aproximarse al veh\u00edculo, los [&hellip;]<\/p>\n","protected":false},"author":81,"featured_media":271964,"comment_status":"closed","ping_status":"closed","sticky":false,"template":"","format":"standard","meta":{"footnotes":""},"categories":[37],"tags":[],"class_list":["post-271963","post","type-post","status-publish","format-standard","has-post-thumbnail","hentry","category-barandilla"],"_links":{"self":[{"href":"https:\/\/plazajuarez.mx\/historico\/wp-json\/wp\/v2\/posts\/271963","targetHints":{"allow":["GET"]}}],"collection":[{"href":"https:\/\/plazajuarez.mx\/historico\/wp-json\/wp\/v2\/posts"}],"about":[{"href":"https:\/\/plazajuarez.mx\/historico\/wp-json\/wp\/v2\/types\/post"}],"author":[{"embeddable":true,"href":"https:\/\/plazajuarez.mx\/historico\/wp-json\/wp\/v2\/users\/81"}],"replies":[{"embeddable":true,"href":"https:\/\/plazajuarez.mx\/historico\/wp-json\/wp\/v2\/comments?post=271963"}],"version-history":[{"count":0,"href":"https:\/\/plazajuarez.mx\/historico\/wp-json\/wp\/v2\/posts\/271963\/revisions"}],"wp:featuredmedia":[{"embeddable":true,"href":"https:\/\/plazajuarez.mx\/historico\/wp-json\/wp\/v2\/media\/271964"}],"wp:attachment":[{"href":"https:\/\/plazajuarez.mx\/historico\/wp-json\/wp\/v2\/media?parent=271963"}],"wp:term":[{"taxonomy":"category","embeddable":true,"href":"https:\/\/plazajuarez.mx\/historico\/wp-json\/wp\/v2\/categories?post=271963"},{"taxonomy":"post_tag","embeddable":true,"href":"https:\/\/plazajuarez.mx\/historico\/wp-json\/wp\/v2\/tags?post=271963"}],"curies":[{"name":"wp","href":"https:\/\/api.w.org\/{rel}","templated":true}]}}