{"id":2719,"date":"2015-03-24T06:00:00","date_gmt":"2015-03-24T06:00:00","guid":{"rendered":"http:\/\/plazajuarez.mx\/index\/index.php\/2015\/03\/24\/disputa-por-el-agua-podria-causar-conflictos-preve-grupo-catolico\/"},"modified":"2015-03-24T06:00:00","modified_gmt":"2015-03-24T06:00:00","slug":"disputa-por-el-agua-podria-causar-conflictos-preve-grupo-catolico","status":"publish","type":"post","link":"https:\/\/plazajuarez.mx\/historico\/disputa-por-el-agua-podria-causar-conflictos-preve-grupo-catolico\/","title":{"rendered":"Disputa por el agua podr\u00eda causar  conflictos, prev\u00e9 grupo cat\u00f3lico"},"content":{"rendered":"<p>M\u00e9xico, DF.- En M\u00e9xico, el agua podr\u00eda convertirse en objeto de especulaci\u00f3n y causa de conflictos, asegur\u00f3 Guillermo Gazanini Espinoza, secretario general del Consejo de Analistas Cat\u00f3licos de M\u00e9xico (CACM), en el contexto de la controversia que ha generado la iniciativa de Ley General de Aguas.<\/p>\n<p>  <!--more-->  <\/p>\n<p>\u00a0<\/p>\n<p>\u201cEl proyecto de Ley General de Aguas busca integrar a los tres \u00f3rdenes de gobierno para favorecer servicios de distribuci\u00f3n bajo el cuidado de \u00f3rganos y entidades vigilantes de la prestaci\u00f3n del vital l\u00edquido. En el papel, estas pol\u00edticas h\u00eddricas buscan principios de corresponsabilidad y sustentabilidad para reconocer el valor social, ambiental, cultural y econ\u00f3mico del agua\u201d.<\/p>\n<p>Gazanini Espinoza subray\u00f3 que el r\u00e9gimen del art\u00edculo 27 constitucional preserva la propiedad originaria de la naci\u00f3n sobre las aguas continentales o mar\u00edtimas; as\u00ed lagunas, esteros, r\u00edos, lagos, vasos, manantiales, aguas del subsuelo, marinas y mar\u00edtimas interiores y aguas de utilidad p\u00fablica est\u00e1n en esta peculiaridad jur\u00eddica a fin de que sean aprovechadas de la mejor manera por los habitantes beneficiados gracias a la administraci\u00f3n de autoridades.<\/p>\n<p>En un an\u00e1lisis del Sistema Informativo de la Arquidi\u00f3cesis de M\u00e9xico (Siame), el dirigente del CACM se\u00f1ala que el proyecto no privatiza la propiedad de las aguas, ning\u00fan particular puede adue\u00f1arse de ellas ni justificar derechos. Salvo el caso de libre disposici\u00f3n de los consumidores por motivos personales y dom\u00e9sticos \u2013dice el proyecto \u201cmediante uso de medios manuales\u201d- donde no haya redes hidr\u00e1ulicas, se podr\u00e1n realizarse concesiones para el manejo y distribuci\u00f3n.<\/p>\n<p>Comenta que el problema no es la propiedad nacional sino la infraestructura y redes que implicar\u00edan la progresiva mercantilizaci\u00f3n de la gesti\u00f3n del agua, adem\u00e1s de la posibilidad de trasvases. (Agencias)<\/p>\n","protected":false},"excerpt":{"rendered":"<p>M\u00e9xico, DF.- En M\u00e9xico, el agua podr\u00eda convertirse en objeto de especulaci\u00f3n y causa de conflictos, asegur\u00f3 Guillermo Gazanini Espinoza, secretario general del Consejo de Analistas Cat\u00f3licos de M\u00e9xico (CACM), en el contexto de la controversia que ha generado la iniciativa de Ley General de Aguas.<\/p>\n","protected":false},"author":93,"featured_media":0,"comment_status":"open","ping_status":"open","sticky":false,"template":"","format":"standard","meta":{"footnotes":""},"categories":[36],"tags":[],"class_list":["post-2719","post","type-post","status-publish","format-standard","hentry","category-nacion"],"_links":{"self":[{"href":"https:\/\/plazajuarez.mx\/historico\/wp-json\/wp\/v2\/posts\/2719","targetHints":{"allow":["GET"]}}],"collection":[{"href":"https:\/\/plazajuarez.mx\/historico\/wp-json\/wp\/v2\/posts"}],"about":[{"href":"https:\/\/plazajuarez.mx\/historico\/wp-json\/wp\/v2\/types\/post"}],"author":[{"embeddable":true,"href":"https:\/\/plazajuarez.mx\/historico\/wp-json\/wp\/v2\/users\/93"}],"replies":[{"embeddable":true,"href":"https:\/\/plazajuarez.mx\/historico\/wp-json\/wp\/v2\/comments?post=2719"}],"version-history":[{"count":0,"href":"https:\/\/plazajuarez.mx\/historico\/wp-json\/wp\/v2\/posts\/2719\/revisions"}],"wp:attachment":[{"href":"https:\/\/plazajuarez.mx\/historico\/wp-json\/wp\/v2\/media?parent=2719"}],"wp:term":[{"taxonomy":"category","embeddable":true,"href":"https:\/\/plazajuarez.mx\/historico\/wp-json\/wp\/v2\/categories?post=2719"},{"taxonomy":"post_tag","embeddable":true,"href":"https:\/\/plazajuarez.mx\/historico\/wp-json\/wp\/v2\/tags?post=2719"}],"curies":[{"name":"wp","href":"https:\/\/api.w.org\/{rel}","templated":true}]}}