{"id":27187,"date":"2016-08-23T12:44:14","date_gmt":"2016-08-23T12:44:14","guid":{"rendered":"http:\/\/plazajuarez.mx\/index\/index.php\/2016\/08\/23\/aparatoso-accidente-cerca-de-las-vias-deja-una-persona-lesionada\/"},"modified":"2016-08-23T12:44:14","modified_gmt":"2016-08-23T12:44:14","slug":"aparatoso-accidente-cerca-de-las-vias-deja-una-persona-lesionada","status":"publish","type":"post","link":"https:\/\/plazajuarez.mx\/historico\/aparatoso-accidente-cerca-de-las-vias-deja-una-persona-lesionada\/","title":{"rendered":"APARATOSO ACCIDENTE CERCA DE LAS V\u00cdAS DEJA UNA PERSONA LESIONADA"},"content":{"rendered":"<p>TULA-TLAHUELILPAN<\/p>\n<p>  <!--more-->  <\/p>\n<p>Al lugar de los hechos acudieron param\u00e9dicos de Protecci\u00f3n Civil de Tlahuelilpan, para rescatar y trasladar al conductor del autom\u00f3vil Ibiza color blanco que result\u00f3 severamente, al hospital m\u00e1s cercano <br \/>Desafortunadamente alrededor del medio d\u00eda del ayer lunes, se registr\u00f3 un fuerte accidente cerca de las v\u00edas del tren de Teocalco, en la carretera Tula-Tlahuelilpan.<br \/>El exceso de velocidad fue el principal factor para que el conductor del autom\u00f3vil Ibiza color blanco perdiera el control y se volcara.<br \/>Luego del reporte de los vecinos, para dar a conocer el suceso a las autoridades municipales, acudieron de inmediato param\u00e9dicos de Protecci\u00f3n Civil (PC) de Tlahuelilpan, para brindar los primeros auxilios, al llegar encontraron a una persona lesionada, quien fue trasladada a la cl\u00ednica del ISSSTE de Mixquiahuala. <br \/>Al respecto elementos de Seguridad P\u00fablica Municipal, iniciaron las investigaciones y trasladaron el autom\u00f3vil al corral\u00f3n, mientras se determina la multa por exceso de velocidad.<\/p>\n","protected":false},"excerpt":{"rendered":"<p>TULA-TLAHUELILPAN<\/p>\n","protected":false},"author":93,"featured_media":0,"comment_status":"open","ping_status":"open","sticky":false,"template":"","format":"standard","meta":{"footnotes":""},"categories":[37],"tags":[],"class_list":["post-27187","post","type-post","status-publish","format-standard","hentry","category-barandilla"],"_links":{"self":[{"href":"https:\/\/plazajuarez.mx\/historico\/wp-json\/wp\/v2\/posts\/27187","targetHints":{"allow":["GET"]}}],"collection":[{"href":"https:\/\/plazajuarez.mx\/historico\/wp-json\/wp\/v2\/posts"}],"about":[{"href":"https:\/\/plazajuarez.mx\/historico\/wp-json\/wp\/v2\/types\/post"}],"author":[{"embeddable":true,"href":"https:\/\/plazajuarez.mx\/historico\/wp-json\/wp\/v2\/users\/93"}],"replies":[{"embeddable":true,"href":"https:\/\/plazajuarez.mx\/historico\/wp-json\/wp\/v2\/comments?post=27187"}],"version-history":[{"count":0,"href":"https:\/\/plazajuarez.mx\/historico\/wp-json\/wp\/v2\/posts\/27187\/revisions"}],"wp:attachment":[{"href":"https:\/\/plazajuarez.mx\/historico\/wp-json\/wp\/v2\/media?parent=27187"}],"wp:term":[{"taxonomy":"category","embeddable":true,"href":"https:\/\/plazajuarez.mx\/historico\/wp-json\/wp\/v2\/categories?post=27187"},{"taxonomy":"post_tag","embeddable":true,"href":"https:\/\/plazajuarez.mx\/historico\/wp-json\/wp\/v2\/tags?post=27187"}],"curies":[{"name":"wp","href":"https:\/\/api.w.org\/{rel}","templated":true}]}}