{"id":27186,"date":"2016-08-23T12:43:55","date_gmt":"2016-08-23T12:43:55","guid":{"rendered":"http:\/\/plazajuarez.mx\/index\/index.php\/2016\/08\/23\/nuevamente-agreden-a-un-ciclista\/"},"modified":"2016-08-23T12:43:55","modified_gmt":"2016-08-23T12:43:55","slug":"nuevamente-agreden-a-un-ciclista","status":"publish","type":"post","link":"https:\/\/plazajuarez.mx\/historico\/nuevamente-agreden-a-un-ciclista\/","title":{"rendered":"NUEVAMENTE AGREDEN A UN CICLISTA"},"content":{"rendered":"<p>CIUDAD DE M\u00c9XICO <\/p>\n<p>  <!--more-->  <\/p>\n<p>De acuerdo con el ofendido, se encontraba circulando por el carril de extrema derecha de la calle Alfonso Reyes<br \/>Un ciclista fue insultado y golpeado en la calle Alfonso Reyes esquina con Altata, en la colonia Hip\u00f3dromo Condesa.<br \/>\u201cOtro d\u00eda m\u00e1s con estos chilangos que no saben manejar\u201d, dice el ciclista en un video difundido por la p\u00e1gina de Facebook Liga Peatonal, en donde se observa c\u00f3mo se dirige al conductor de un Jepp color negro, el cual minutos antes lo hab\u00eda agredido.<br \/>De acuerdo con el ofendido, se encontraba circulando por el carril de extrema derecha de la calle Alfonso Reyes \u201cocupando el carril completo como el Reglamento de Tr\u00e1nsito del Distrito Federal lo establece en el art. 7-11\u201d, lo cual hizo molestar al conductor del Jeep.<br \/>Al descender del veh\u00edculo, el ciclista lo cuestion\u00f3 sobre el por qu\u00e9 lo agredi\u00f3 y sobre el reglamento de tr\u00e1nsito, a lo que el se\u00f1or contest\u00f3 \u201chazte a un lado y punto\u2026 chinga a tu madre con tu articulo y ya\u201d.<br \/>El joven sigue al conductor para preguntarle cu\u00e1l es su postura con respecto a los ciclistas.<br \/>\u201cQue no respetan, no debes de circular por ah\u00ed, hay pistas especiales para circular y t\u00fa vienes por otro camino\u201d, contesta el conductor.<br \/>Mientras contin\u00faa la discusi\u00f3n, una se\u00f1ora que viajaba de copiloto en el auto intenta quitarle el celular al ciclista mientras el conductor patea en repetidas ocasiones la bicicleta, lo que provoca que el joven pida auxilio a un polic\u00eda que pasaba por el lugar.<br \/>El oficial solicita al conductor que deje de agredir al joven mientras se interpone entre \u00e9ste y el agresor.<br \/>La discusi\u00f3n termina cuando ambos ocupantes del autom\u00f3vil se alejan del lugar mientras el polic\u00eda indica al joven como realizar la denuncia correspondiente.<br \/>Por lo anterior, informa a un polic\u00eda que ha decidido proceder con la denuncia correspondiente por la agresi\u00f3n.<br \/>La grabaci\u00f3n contin\u00faa mientras suben al conductor del Jeep a una patrulla. \u201cNos vamos a Juez C\u00edvico y a ver c\u00f3mo la justicia trabaja\u201d, menciona el ciclista.<br \/>\u201cDespu\u00e9s de esto me trasladaron los polic\u00edas al juez c\u00edvico Cuh-8 donde el juez y otros insistieron en que yo desista de mi denuncia. Amenazaron que si proced\u00eda, yo ser\u00eda sancionado porque mi agresor declar\u00f3 que lo insult\u00e9.<br \/>A ra\u00edz de que se ha dado a conocer el incidente, los usuarios de redes sociales han &#8216;bautizado&#8217; al conductor c\u00f3mo #LordJeep.<\/p>\n","protected":false},"excerpt":{"rendered":"<p>CIUDAD DE M\u00c9XICO<\/p>\n","protected":false},"author":93,"featured_media":0,"comment_status":"open","ping_status":"open","sticky":false,"template":"","format":"standard","meta":{"footnotes":""},"categories":[37],"tags":[],"class_list":["post-27186","post","type-post","status-publish","format-standard","hentry","category-barandilla"],"_links":{"self":[{"href":"https:\/\/plazajuarez.mx\/historico\/wp-json\/wp\/v2\/posts\/27186","targetHints":{"allow":["GET"]}}],"collection":[{"href":"https:\/\/plazajuarez.mx\/historico\/wp-json\/wp\/v2\/posts"}],"about":[{"href":"https:\/\/plazajuarez.mx\/historico\/wp-json\/wp\/v2\/types\/post"}],"author":[{"embeddable":true,"href":"https:\/\/plazajuarez.mx\/historico\/wp-json\/wp\/v2\/users\/93"}],"replies":[{"embeddable":true,"href":"https:\/\/plazajuarez.mx\/historico\/wp-json\/wp\/v2\/comments?post=27186"}],"version-history":[{"count":0,"href":"https:\/\/plazajuarez.mx\/historico\/wp-json\/wp\/v2\/posts\/27186\/revisions"}],"wp:attachment":[{"href":"https:\/\/plazajuarez.mx\/historico\/wp-json\/wp\/v2\/media?parent=27186"}],"wp:term":[{"taxonomy":"category","embeddable":true,"href":"https:\/\/plazajuarez.mx\/historico\/wp-json\/wp\/v2\/categories?post=27186"},{"taxonomy":"post_tag","embeddable":true,"href":"https:\/\/plazajuarez.mx\/historico\/wp-json\/wp\/v2\/tags?post=27186"}],"curies":[{"name":"wp","href":"https:\/\/api.w.org\/{rel}","templated":true}]}}