{"id":271834,"date":"2023-07-22T05:20:32","date_gmt":"2023-07-22T11:20:32","guid":{"rendered":"https:\/\/plazajuarez.mx\/?p=271834"},"modified":"2023-07-22T06:30:34","modified_gmt":"2023-07-22T12:30:34","slug":"fayad","status":"publish","type":"post","link":"https:\/\/plazajuarez.mx\/historico\/fayad\/","title":{"rendered":"Detienen a quien fungi\u00f3 como Oficial Mayor en el gobierno de Omar Fayad"},"content":{"rendered":"\n<p>Alrededor de las 23 horas de ayer, el Registro Nacional de Detenciones emiti\u00f3 la ficha con la que se dio a conocer la detenci\u00f3n de quien fungi\u00f3 como Oficial Mayor durante el Gobierno de Omar Fayad, M. V. O., orden ejecutada por la Polic\u00eda Ministerial y de Investigaci\u00f3n en la colonia Campo de Tiro.<\/p>\n\n\n\n<p>Seg\u00fan la ficha, fue puesto a disposici\u00f3n del juez local en el Centro de Reinserci\u00f3n Social (Cereso) de Pachuca, en donde permanece para dar continuidad al proceso que se sigue en su contra desde la Procuradur\u00eda General de Justicia del Estado de Hidalgo.<\/p>\n\n\n\n<p><\/p>\n","protected":false},"excerpt":{"rendered":"<p>Alrededor de las 23 horas de ayer, el Registro Nacional de Detenciones emiti\u00f3 la ficha con la que se dio a conocer la detenci\u00f3n de quien fungi\u00f3 como Oficial Mayor durante el Gobierno de Omar Fayad, M. V. O., orden ejecutada por la Polic\u00eda Ministerial y de Investigaci\u00f3n en la colonia Campo de Tiro. Seg\u00fan [&hellip;]<\/p>\n","protected":false},"author":93,"featured_media":271835,"comment_status":"closed","ping_status":"closed","sticky":false,"template":"","format":"standard","meta":{"footnotes":""},"categories":[15,59,2159],"tags":[],"class_list":["post-271834","post","type-post","status-publish","format-standard","has-post-thumbnail","hentry","category-destacadas","category-general","category-noticias-de-hidalgo"],"_links":{"self":[{"href":"https:\/\/plazajuarez.mx\/historico\/wp-json\/wp\/v2\/posts\/271834","targetHints":{"allow":["GET"]}}],"collection":[{"href":"https:\/\/plazajuarez.mx\/historico\/wp-json\/wp\/v2\/posts"}],"about":[{"href":"https:\/\/plazajuarez.mx\/historico\/wp-json\/wp\/v2\/types\/post"}],"author":[{"embeddable":true,"href":"https:\/\/plazajuarez.mx\/historico\/wp-json\/wp\/v2\/users\/93"}],"replies":[{"embeddable":true,"href":"https:\/\/plazajuarez.mx\/historico\/wp-json\/wp\/v2\/comments?post=271834"}],"version-history":[{"count":0,"href":"https:\/\/plazajuarez.mx\/historico\/wp-json\/wp\/v2\/posts\/271834\/revisions"}],"wp:featuredmedia":[{"embeddable":true,"href":"https:\/\/plazajuarez.mx\/historico\/wp-json\/wp\/v2\/media\/271835"}],"wp:attachment":[{"href":"https:\/\/plazajuarez.mx\/historico\/wp-json\/wp\/v2\/media?parent=271834"}],"wp:term":[{"taxonomy":"category","embeddable":true,"href":"https:\/\/plazajuarez.mx\/historico\/wp-json\/wp\/v2\/categories?post=271834"},{"taxonomy":"post_tag","embeddable":true,"href":"https:\/\/plazajuarez.mx\/historico\/wp-json\/wp\/v2\/tags?post=271834"}],"curies":[{"name":"wp","href":"https:\/\/api.w.org\/{rel}","templated":true}]}}