{"id":271820,"date":"2023-07-21T21:53:51","date_gmt":"2023-07-22T03:53:51","guid":{"rendered":"https:\/\/plazajuarez.mx\/?p=271820"},"modified":"2023-07-21T21:53:53","modified_gmt":"2023-07-22T03:53:53","slug":"vuelca_","status":"publish","type":"post","link":"https:\/\/plazajuarez.mx\/historico\/vuelca_\/","title":{"rendered":"Vuelca automovilista tras chocar contra camell\u00f3n"},"content":{"rendered":"\n<p>Vecinos aseguran que al sitio le hace falta iluminaci\u00f3n<\/p>\n\n\n\n<p><strong> <\/strong>Un automovilista sufri\u00f3 una volcadura al circular sobre la carretera Pachuca \u2013 Tuxpan, debido a que impact\u00f3 un camell\u00f3n ubicado a un costado de un centro comercial, a la altura del fraccionamiento Valle Verde, en Tulancingo.<\/p>\n\n\n\n<p>El accidente se registr\u00f3 a la altura del kil\u00f3metro 46+900 antes de llegar al crucero de Acatl\u00e1n, casi a la media noche del pasado jueves 20 de julio.<\/p>\n\n\n\n<p>De acuerdo con informaci\u00f3n policial, el conductor circulaba en direcci\u00f3n hacia Pachuca, en un autom\u00f3vil Nissan, Versa, cuando impact\u00f3 con el camell\u00f3n, lo que provoc\u00f3 que perdiera el control del veh\u00edculo para terminar volcado.<\/p>\n\n\n\n<p>Elementos de Protecci\u00f3n Civil de Tulancingo revisaron al conductor, mientras que personal de Guardia Nacional Divisi\u00f3n carreteras, tomaron conocimiento de los hechos.<\/p>\n\n\n\n<p>Vecinos de la zona aseguraron que, dicho camell\u00f3n, desde el crucero de Acatl\u00e1n hasta la zona de sem\u00e1foros en la bajada de San Jos\u00e9, no est\u00e1 debidamente se\u00f1alizado ni iluminado, por lo que son constantes los automovilistas que se suben o impactan esta infraestructura.<\/p>\n\n\n\n<p>Por ello, exhortaron a las autoridades correspondientes la colocaci\u00f3n de luminarias en este camell\u00f3n, desde el crucero de Acatl\u00e1n hasta la zona de centros comerciales.<\/p>\n\n\n\n<p>Cabe recordar que el gobernador, en reciente visita a Tulancingo, inform\u00f3 sobre la construcci\u00f3n del distribuidor vial en este crucero, que contempla la colocaci\u00f3n de luminarias, sin embargo, hasta el momento a\u00fan no inician dichos trabajos.<\/p>\n","protected":false},"excerpt":{"rendered":"<p>Vecinos aseguran que al sitio le hace falta iluminaci\u00f3n Un automovilista sufri\u00f3 una volcadura al circular sobre la carretera Pachuca \u2013 Tuxpan, debido a que impact\u00f3 un camell\u00f3n ubicado a un costado de un centro comercial, a la altura del fraccionamiento Valle Verde, en Tulancingo. El accidente se registr\u00f3 a la altura del kil\u00f3metro 46+900 [&hellip;]<\/p>\n","protected":false},"author":70,"featured_media":271821,"comment_status":"closed","ping_status":"closed","sticky":false,"template":"","format":"standard","meta":{"footnotes":""},"categories":[2159,40],"tags":[],"class_list":["post-271820","post","type-post","status-publish","format-standard","has-post-thumbnail","hentry","category-noticias-de-hidalgo","category-region"],"_links":{"self":[{"href":"https:\/\/plazajuarez.mx\/historico\/wp-json\/wp\/v2\/posts\/271820","targetHints":{"allow":["GET"]}}],"collection":[{"href":"https:\/\/plazajuarez.mx\/historico\/wp-json\/wp\/v2\/posts"}],"about":[{"href":"https:\/\/plazajuarez.mx\/historico\/wp-json\/wp\/v2\/types\/post"}],"author":[{"embeddable":true,"href":"https:\/\/plazajuarez.mx\/historico\/wp-json\/wp\/v2\/users\/70"}],"replies":[{"embeddable":true,"href":"https:\/\/plazajuarez.mx\/historico\/wp-json\/wp\/v2\/comments?post=271820"}],"version-history":[{"count":0,"href":"https:\/\/plazajuarez.mx\/historico\/wp-json\/wp\/v2\/posts\/271820\/revisions"}],"wp:featuredmedia":[{"embeddable":true,"href":"https:\/\/plazajuarez.mx\/historico\/wp-json\/wp\/v2\/media\/271821"}],"wp:attachment":[{"href":"https:\/\/plazajuarez.mx\/historico\/wp-json\/wp\/v2\/media?parent=271820"}],"wp:term":[{"taxonomy":"category","embeddable":true,"href":"https:\/\/plazajuarez.mx\/historico\/wp-json\/wp\/v2\/categories?post=271820"},{"taxonomy":"post_tag","embeddable":true,"href":"https:\/\/plazajuarez.mx\/historico\/wp-json\/wp\/v2\/tags?post=271820"}],"curies":[{"name":"wp","href":"https:\/\/api.w.org\/{rel}","templated":true}]}}