{"id":271817,"date":"2023-07-22T06:38:00","date_gmt":"2023-07-22T12:38:00","guid":{"rendered":"https:\/\/plazajuarez.mx\/?p=271817"},"modified":"2023-07-21T21:46:45","modified_gmt":"2023-07-22T03:46:45","slug":"expo-2","status":"publish","type":"post","link":"https:\/\/plazajuarez.mx\/historico\/expo-2\/","title":{"rendered":"Anuncian cartelera cultural de la Expo Feria Tulancingo"},"content":{"rendered":"\n<p><strong> <\/strong>Adem\u00e1s de los espect\u00e1culos musicales en el Teatro del Pueblo, el Palenque, las actividades deportivas y ganaderas que se realizar\u00e1n el marco de la Expo Feria Tulancingo 2023, habr\u00e1 diferentes actividades culturales con el objetivo de dar a conocer el talento local.\u00a0<\/p>\n\n\n\n<p>Pedro Escudero, presidente del Comit\u00e9 de la Expo Feria Tulancingo 2023, reconoci\u00f3 que el foro cultural es de suma importancia, ya que, Tulancingo se caracteriza por ser una de las zonas con mayor riqueza cultural del estado.<\/p>\n\n\n\n<p>El s\u00e1bado 29 de julio, arranca el foro con la presentaci\u00f3n folklorica del \u201cInstituto Tula\u201d, el Ballet \u201cDance Flow\u201d, el Tr\u00edo Excelencia de Pachuca Bolero\/ Balada, la Academia de Baile \u201cPeople Dancing\u201d, y Ballet Folklorico de Gambara Michoac\u00e1n.&nbsp;<\/p>\n\n\n\n<p>El domingo 30 de julio, se presentar\u00e1 el Grupo de Danza \u201cMemorias de M\u00e9xico\u201d, un grupo de Rock Alternativo \u201cAcido Valquiria 2\u201d, el Ballet Folklorico Gambara de Michoac\u00e1n, el Grupo Musical \u201cProyecto Inesperado\u201d y el trio de encanto Huasteco.<\/p>\n\n\n\n<p>El lunes 31 se abrir\u00e1 el foro cultural con la presentaci\u00f3n de Jumping LC FIT, quienes dar\u00e1n paso al Grupo Juglar, tambi\u00e9n estar\u00e1 la academia de baile \u201cBaile B\u00e1ilame\u201d y el Ballet folklorico de Zempoala.<\/p>\n\n\n\n<p>El martes 01 de agosto habr\u00e1 danza a\u00e9rea de Mar\u00eda Luminosa, estar\u00e1 Tito Vera \u201cSolista de saxof\u00f3n\u201d, Los rayos de la H Grupo Sierre\u00f1o, y el Ballet Folklorico de casa de cultura Singuilucan.&nbsp;<\/p>\n\n\n\n<p>Para el mi\u00e9rcoles 2 de agosto, se presentar\u00e1 el ballet Synergia, la compa\u00f1\u00eda folklorica Magistral, el Grupo M\u00fasico Vocal Romanense y el Tr\u00edo los Dandy\u00b4s.&nbsp;<\/p>\n\n\n\n<p>El jueves 3 de agosto, estar\u00e1 el tr\u00edo Ind\u00f3mito Huasteco, el tr\u00edo Solo Recuerdos Bolero\/Balada y el ballet folklorico de Xochicostal de Tlapa, Guerrero.&nbsp;<\/p>\n\n\n\n<p>Para el viernes 4 de julio, se iniciar\u00e1 el foro con el violista Christoper Apolo, despu\u00e9s estar\u00e1 el Grupo \u201cAzul\u201d, Denisse Galicia \u201cla voz de Tulancingo\u201d, y cierra el ballet folklorico \u201cSangre Hidalguense\u201d.&nbsp;<\/p>\n\n\n\n<p>Durante el s\u00e1bado 5 de agosto hay cuatro espect\u00e1culos programados: la escuela de baile Synergia, la escuela de baile Star Dancing, Alberto Pelcastre m\u00fasico retro, ballet folklorico \u201cHidalguense\u201d, y el ballet folklorico Xochitonal de San Luis Potos\u00ed.<\/p>\n\n\n\n<p>El domingo 6 de agosto, estar\u00e1 el ballet Evolution, el grupo Zambo, Sam \u201cEl show\u201d, el ballet folklorico \u201cNuestras Ra\u00edces\u201d de san Rafael Veracruz y el grupo musical \u201cProyecto Inesperado\u201d.&nbsp;<\/p>\n\n\n\n<p>Para el lunes 7 de agosto, habr\u00e1 la presentaci\u00f3n de la o el ganador del concurso de canto \u201cCanta-Canta 2023\u201d, tambi\u00e9n estar\u00e1 el tr\u00edo \u201cLos Cl\u00e1sicos\u201d, la banda de rock \u201cBajo Circuito\u201d y el ballet folklorico del municipio de Tulancingo.&nbsp;<\/p>\n\n\n\n<p>El martes 8 de agosto estar\u00e1 el grupo Zarande, el cuarteto \u201cDe Ronda\u201d, la compa\u00f1\u00eda de baile \u201cShima\u201d y Ballet folklorico del municipio de Tulancingo.<\/p>\n\n\n\n<p>Para el mi\u00e9rcoles 9 de agosto, estar\u00e1 MK dance de Mark Garc\u00eda, la L\u00edrica Zecreta Crew, el Grupo Trovadore y Grupo los \u201cChinacos de To\u00f1o Medina\u201d.&nbsp;<\/p>\n\n\n\n<p>El jueves 10 de agosto se presentar\u00e1 el ballet folklorico \u201cPadre de la Patria\u201d, Marco Antonio Cruz \u201cTeclados\u201d, \u201cPor amor al danz\u00f3n\u201d y la compa\u00f1\u00eda folklorica mexiquense.<\/p>\n\n\n\n<p>El viernes 11 de agosto estar\u00e1 el ballet folklorico \u201cOrgullo San Bartolense\u201d, el grupo \u201cvolcanes show\u201d, el violinista Alexis Trujillo y el ballet folkorico Tepochcalli de Playa Vicente, Veracruz.&nbsp;<\/p>\n\n\n\n<p>Para el s\u00e1bado 12 de agosto, d\u00eda de la juventud, se presentar\u00e1 Tesa \u201cla exhibici\u00f3n canina\u201d, el ballet folklorico \u201cTenanco\u201d, el baladista Javier Mancilla, el ballet folklorico \u201cHidalguense\u201d y Carolina Ma\u00edz Cruz.&nbsp;<\/p>\n\n\n\n<p>Durante el domingo 13 de agosto, d\u00eda de la clausura de la Expo Feria Tulancingo 2023, se presentar\u00e1 el estudio de Ballet Boza; The Union Crow, tambi\u00e9n estar\u00e1 el cantante Paco Sosa, habr\u00e1 un imitador de Juan Gabriel y el cierre con broche de oro con ballet folcklorico \u201cEsto es M\u00e9xico\u201d, del Estado de M\u00e9xico.&nbsp;<\/p>\n","protected":false},"excerpt":{"rendered":"<p>Adem\u00e1s de los espect\u00e1culos musicales en el Teatro del Pueblo, el Palenque, las actividades deportivas y ganaderas que se realizar\u00e1n el marco de la Expo Feria Tulancingo 2023, habr\u00e1 diferentes actividades culturales con el objetivo de dar a conocer el talento local.\u00a0 Pedro Escudero, presidente del Comit\u00e9 de la Expo Feria Tulancingo 2023, reconoci\u00f3 que [&hellip;]<\/p>\n","protected":false},"author":70,"featured_media":271818,"comment_status":"closed","ping_status":"closed","sticky":false,"template":"","format":"standard","meta":{"footnotes":""},"categories":[2159,40],"tags":[],"class_list":["post-271817","post","type-post","status-publish","format-standard","has-post-thumbnail","hentry","category-noticias-de-hidalgo","category-region"],"_links":{"self":[{"href":"https:\/\/plazajuarez.mx\/historico\/wp-json\/wp\/v2\/posts\/271817","targetHints":{"allow":["GET"]}}],"collection":[{"href":"https:\/\/plazajuarez.mx\/historico\/wp-json\/wp\/v2\/posts"}],"about":[{"href":"https:\/\/plazajuarez.mx\/historico\/wp-json\/wp\/v2\/types\/post"}],"author":[{"embeddable":true,"href":"https:\/\/plazajuarez.mx\/historico\/wp-json\/wp\/v2\/users\/70"}],"replies":[{"embeddable":true,"href":"https:\/\/plazajuarez.mx\/historico\/wp-json\/wp\/v2\/comments?post=271817"}],"version-history":[{"count":0,"href":"https:\/\/plazajuarez.mx\/historico\/wp-json\/wp\/v2\/posts\/271817\/revisions"}],"wp:featuredmedia":[{"embeddable":true,"href":"https:\/\/plazajuarez.mx\/historico\/wp-json\/wp\/v2\/media\/271818"}],"wp:attachment":[{"href":"https:\/\/plazajuarez.mx\/historico\/wp-json\/wp\/v2\/media?parent=271817"}],"wp:term":[{"taxonomy":"category","embeddable":true,"href":"https:\/\/plazajuarez.mx\/historico\/wp-json\/wp\/v2\/categories?post=271817"},{"taxonomy":"post_tag","embeddable":true,"href":"https:\/\/plazajuarez.mx\/historico\/wp-json\/wp\/v2\/tags?post=271817"}],"curies":[{"name":"wp","href":"https:\/\/api.w.org\/{rel}","templated":true}]}}