{"id":271811,"date":"2023-07-21T21:19:17","date_gmt":"2023-07-22T03:19:17","guid":{"rendered":"https:\/\/plazajuarez.mx\/?p=271811"},"modified":"2023-07-21T21:23:33","modified_gmt":"2023-07-22T03:23:33","slug":"policia-7","status":"publish","type":"post","link":"https:\/\/plazajuarez.mx\/historico\/policia-7\/","title":{"rendered":"Localiza Polic\u00eda Tur\u00edstica a visitante extraviado en el bosque"},"content":{"rendered":"\n<p>Mediante operativo de b\u00fasqueda, una persona del sexo masculino reportada como extraviada en el municipio de Mineral del Chico, fue localizada por agentes adscritos a la Polic\u00eda Tur\u00edstica.&nbsp;<\/p>\n\n\n\n<p>Los hechos se suscitaron en el parque conocido como el Valle de los Enamorados, de la localidad Carboneras, cuando su acompa\u00f1ante solicit\u00f3 apoyo de los oficiales estatales, ya que hab\u00eda perdido de vista al hombre mientras realizaban un paseo en bicicleta.&nbsp;<\/p>\n\n\n\n<p>Resultado de los recorridos a pie en el interior del bosque, se logr\u00f3 la ubicaci\u00f3n de la persona de nacionalidad colombiana, quien no requiri\u00f3 atenci\u00f3n m\u00e9dica.&nbsp;<\/p>\n\n\n\n<p>Cabe resaltar que la Polic\u00eda Tur\u00edstica inici\u00f3 actividades desde el pasado mes de abril en la Base de Operaciones de Mineral del Chico e intensifica acciones de auxilio durante los periodos vacacionales.&nbsp;&nbsp;<\/p>\n\n\n\n<p>Adem\u00e1s, el personal que se encuentra en las oficinas puede proporcionar informaci\u00f3n espec\u00edfica del lugar de inter\u00e9s, orientar al visitante y canalizar las quejas o denuncias que se presenten en esta zona y tambi\u00e9n a trav\u00e9s de la l\u00ednea 911 de Emergencias.<\/p>\n","protected":false},"excerpt":{"rendered":"<p>Mediante operativo de b\u00fasqueda, una persona del sexo masculino reportada como extraviada en el municipio de Mineral del Chico, fue localizada por agentes adscritos a la Polic\u00eda Tur\u00edstica.&nbsp; Los hechos se suscitaron en el parque conocido como el Valle de los Enamorados, de la localidad Carboneras, cuando su acompa\u00f1ante solicit\u00f3 apoyo de los oficiales estatales, [&hellip;]<\/p>\n","protected":false},"author":93,"featured_media":271812,"comment_status":"closed","ping_status":"closed","sticky":false,"template":"","format":"standard","meta":{"footnotes":""},"categories":[37],"tags":[],"class_list":["post-271811","post","type-post","status-publish","format-standard","has-post-thumbnail","hentry","category-barandilla"],"_links":{"self":[{"href":"https:\/\/plazajuarez.mx\/historico\/wp-json\/wp\/v2\/posts\/271811","targetHints":{"allow":["GET"]}}],"collection":[{"href":"https:\/\/plazajuarez.mx\/historico\/wp-json\/wp\/v2\/posts"}],"about":[{"href":"https:\/\/plazajuarez.mx\/historico\/wp-json\/wp\/v2\/types\/post"}],"author":[{"embeddable":true,"href":"https:\/\/plazajuarez.mx\/historico\/wp-json\/wp\/v2\/users\/93"}],"replies":[{"embeddable":true,"href":"https:\/\/plazajuarez.mx\/historico\/wp-json\/wp\/v2\/comments?post=271811"}],"version-history":[{"count":0,"href":"https:\/\/plazajuarez.mx\/historico\/wp-json\/wp\/v2\/posts\/271811\/revisions"}],"wp:featuredmedia":[{"embeddable":true,"href":"https:\/\/plazajuarez.mx\/historico\/wp-json\/wp\/v2\/media\/271812"}],"wp:attachment":[{"href":"https:\/\/plazajuarez.mx\/historico\/wp-json\/wp\/v2\/media?parent=271811"}],"wp:term":[{"taxonomy":"category","embeddable":true,"href":"https:\/\/plazajuarez.mx\/historico\/wp-json\/wp\/v2\/categories?post=271811"},{"taxonomy":"post_tag","embeddable":true,"href":"https:\/\/plazajuarez.mx\/historico\/wp-json\/wp\/v2\/tags?post=271811"}],"curies":[{"name":"wp","href":"https:\/\/api.w.org\/{rel}","templated":true}]}}