{"id":2718,"date":"2015-03-24T06:00:00","date_gmt":"2015-03-24T06:00:00","guid":{"rendered":"http:\/\/plazajuarez.mx\/index\/index.php\/2015\/03\/24\/fundamental-hacer-frente-a-fenomenos-sismologicos-gobernacion\/"},"modified":"2015-03-24T06:00:00","modified_gmt":"2015-03-24T06:00:00","slug":"fundamental-hacer-frente-a-fenomenos-sismologicos-gobernacion","status":"publish","type":"post","link":"https:\/\/plazajuarez.mx\/historico\/fundamental-hacer-frente-a-fenomenos-sismologicos-gobernacion\/","title":{"rendered":"Fundamental, hacer frente a fen\u00f3menos  sismol\u00f3gicos: Gobernaci\u00f3n"},"content":{"rendered":"<p>M\u00e9xico, DF.- Consolidar la cultura de la prevenci\u00f3n en materia de protecci\u00f3n civil es fundamental para hacer frente a fen\u00f3menos sismol\u00f3gicos, dijo el secretario de Gobernaci\u00f3n, Miguel \u00c1ngel Osorio Chong, al encabezar ayer la reuni\u00f3n de la Red S\u00edsmica Mexicana Fase Dos.<\/p>\n<p>  <!--more-->  <\/p>\n<p>\u00a0<\/p>\n<p>En una reuni\u00f3n privada que tuvo lugar en las instalaciones del Centro Nacional de Prevenci\u00f3n de Desastres (Cenapred), el encargado de la pol\u00edtica interior del pa\u00eds record\u00f3 que ante la presencia de sismos, el uso de instrumentos tecnol\u00f3gicos permite que la informaci\u00f3n llegue de manera oportuna y veraz a las autoridades correspondientes, lo que contribuye a la correcta y eficiente toma de decisiones, por ello, dijo, tambi\u00e9n un factor fundamental es la coordinaci\u00f3n y el grado de compromiso de todas las instituciones.<\/p>\n<p>El secretario de Gobernaci\u00f3n reconoci\u00f3 a la comunidad cient\u00edfica de la Universidad Nacional Aut\u00f3noma de M\u00e9xico (UNAM) su participaci\u00f3n y compromiso para el fortalecimiento del Sistema Nacional de Protecci\u00f3n Civil, particularmente en el tema de la reducci\u00f3n de riesgo s\u00edsmico.<\/p>\n<p>De acuerdo con un comunicado de la dependencia, Osorio Chong destac\u00f3 que a partir de la colaboraci\u00f3n del Servicio Sismol\u00f3gico Nacional y del Instituto de Ingenier\u00eda con el CENAPRED, se logr\u00f3 establecer la Red S\u00edsmica Mexicana, lo cual representa un ejemplo de coordinaci\u00f3n interinstitucional y eficiencia en materia de protecci\u00f3n civil.<\/p>\n<p>Resalt\u00f3 la labor realizada por integrantes de la Red S\u00edsmica, misma que ha permitido concretar, en dos a\u00f1os, lo que no se hab\u00eda podido en casi cuatro d\u00e9cadas y que es una prioridad: incrementar la infraestructura y la cultura en esta materia. (Agencias)<\/p>\n","protected":false},"excerpt":{"rendered":"<p>M\u00e9xico, DF.- Consolidar la cultura de la prevenci\u00f3n en materia de protecci\u00f3n civil es fundamental para hacer frente a fen\u00f3menos sismol\u00f3gicos, dijo el secretario de Gobernaci\u00f3n, Miguel \u00c1ngel Osorio Chong, al encabezar ayer la reuni\u00f3n de la Red S\u00edsmica Mexicana Fase Dos.<\/p>\n","protected":false},"author":93,"featured_media":0,"comment_status":"open","ping_status":"open","sticky":false,"template":"","format":"standard","meta":{"footnotes":""},"categories":[36],"tags":[],"class_list":["post-2718","post","type-post","status-publish","format-standard","hentry","category-nacion"],"_links":{"self":[{"href":"https:\/\/plazajuarez.mx\/historico\/wp-json\/wp\/v2\/posts\/2718","targetHints":{"allow":["GET"]}}],"collection":[{"href":"https:\/\/plazajuarez.mx\/historico\/wp-json\/wp\/v2\/posts"}],"about":[{"href":"https:\/\/plazajuarez.mx\/historico\/wp-json\/wp\/v2\/types\/post"}],"author":[{"embeddable":true,"href":"https:\/\/plazajuarez.mx\/historico\/wp-json\/wp\/v2\/users\/93"}],"replies":[{"embeddable":true,"href":"https:\/\/plazajuarez.mx\/historico\/wp-json\/wp\/v2\/comments?post=2718"}],"version-history":[{"count":0,"href":"https:\/\/plazajuarez.mx\/historico\/wp-json\/wp\/v2\/posts\/2718\/revisions"}],"wp:attachment":[{"href":"https:\/\/plazajuarez.mx\/historico\/wp-json\/wp\/v2\/media?parent=2718"}],"wp:term":[{"taxonomy":"category","embeddable":true,"href":"https:\/\/plazajuarez.mx\/historico\/wp-json\/wp\/v2\/categories?post=2718"},{"taxonomy":"post_tag","embeddable":true,"href":"https:\/\/plazajuarez.mx\/historico\/wp-json\/wp\/v2\/tags?post=2718"}],"curies":[{"name":"wp","href":"https:\/\/api.w.org\/{rel}","templated":true}]}}