{"id":271796,"date":"2023-07-22T06:33:00","date_gmt":"2023-07-22T12:33:00","guid":{"rendered":"https:\/\/plazajuarez.mx\/?p=271796"},"modified":"2023-07-21T18:34:22","modified_gmt":"2023-07-22T00:34:22","slug":"dispares","status":"publish","type":"post","link":"https:\/\/plazajuarez.mx\/historico\/dispares\/","title":{"rendered":"Sentimientos dispares al inicio de Comic-Con: de la desilusi\u00f3n a las ganas de disfrutar"},"content":{"rendered":"\n<p>La 52 edici\u00f3n de la Comic-Con de San Diego, la mayor fiesta de la cultura pop del mundo, ech\u00f3 a andar eclipsada por las ausencias de las estrellas de Hollywood debido a la huelga que el Sindicato de Actores de EE.UU. (SAG-AFTRA) emprendi\u00f3 el jueves pasado.<\/p>\n\n\n\n<p>Una situaci\u00f3n que, como constat\u00f3 EFE este jueves, mantiene a los m\u00e1s de 45 mil asistentes diarios que congrega el evento con sentimientos encontrados que van desde la &#8220;desilusi\u00f3n&#8221; a las ganas de disfrutar del resto de actividades que contin\u00faan vigentes.<\/p>\n\n\n\n<p>&#8220;\u00bfPuedo empezar diciendo lo de los actores?&#8221;, pregunt\u00f3 Miguel, un joven llegado a la convenci\u00f3n desde Ciudad Victoria (Tamaulipas, M\u00e9xico), antes de contestar las preguntas de EFE.<\/p>\n\n\n\n<p>Acto seguido comparti\u00f3 su decepci\u00f3n y de qu\u00e9 forma ha rehecho su plan para estos d\u00edas en la Comic-Con: &#8220;Lo que m\u00e1s me ilusionaba era ver a los actores de sagas como Marvel o DC, pero ahora voy a tener que centrarme en conseguir objetos y juguetes exclusivos de tipo Funko&#8221;.<\/p>\n\n\n\n<p>Mientras tanto, centenares de personas de todas las edades con disfraces de Spider-Man, Batman o personajes de la saga Star Wars, como Grogu o Cassian Andor, recorr\u00edan las habituales y largu\u00edsimas colas del Centro de Convenciones de San Diego, ubicado en pleno puerto de esta ciudad lim\u00edtrofe con Tijuana (M\u00e9xico).<\/p>\n\n\n\n<p>&#8220;Compr\u00e9 mi entrada hace 8 meses, voy a tratar de disfrutar lo m\u00e1ximo posible aunque no pueda ver a los protagonistas de mis series favoritas&#8221;, indic\u00f3 Stuart, natural de Vancouver (Canad\u00e1), acompa\u00f1ado de un grupo de amigos que tienen en com\u00fan su admiraci\u00f3n por la serie &#8220;Abbott Elementary&#8221;.<\/p>\n\n\n\n<p>Esa producci\u00f3n, como &#8220;Yellowjackets&#8221; o &#8220;Interview with the Vampire&#8221;, es una de las que hab\u00eda dise\u00f1ado carteles gigantes para promocionarse en los hoteles y edificios aleda\u00f1os a la Comic-Con antes de que se oficializaran los paros de SAG-AFTRA y del colectivo de guionistas estadounidenses (WGA, por sus siglas en ingl\u00e9s).<\/p>\n\n\n\n<p>Cuando comenzaron los piquetes, la presencia de los actores y directores de estas producciones fue cancelada, al igual que la de series reconocidas como &#8220;The White Lotus&#8221;, &#8220;Cobra Kai&#8221; o &#8220;The &#8220;70s Show&#8221;, entre otros.<\/p>\n\n\n\n<p>En esta edici\u00f3n, los asistentes no podr\u00e1n ser los primeros en saber qui\u00e9n actuar\u00e1 en la pr\u00f3xima pel\u00edcula o el t\u00edtulo de la nueva serie derivada de franquicias como Marvel y Lucasfilm, o cu\u00e1les ser\u00e1n los estrenos por llegar en Netflix, HBO, Universal o Sony Pictures.<\/p>\n\n\n\n<p>&#8220;Todo lo que ha pasado es una pena. No puedo creer que no se vayan a celebrar todos esos paneles&#8221;, reconoci\u00f3 Guillermo, un adolescente de Riverside (California, EE.UU.), quien tambi\u00e9n incidi\u00f3 en la idea de &#8220;mejor tomarlo como una fiesta&#8221; antes que fustigarse por no &#8220;ver material in\u00e9dito&#8221; en la que es su primera Comic-Con.<\/p>\n\n\n\n<p>No es el caso de Stephany, que acude por segunda vez junto a su familia desde Palmdale (California), y ya ha notado que &#8220;hay menos alternativas y opciones que otros a\u00f1os&#8221;, pero recalc\u00f3 que sus hijos segu\u00edan estando &#8220;emocionados&#8221; por ver un avance de la nueva pel\u00edcula de las Tortugas Ninja.<\/p>\n\n\n\n<p>El panel de &#8220;Mutant Ninja Turtles: Mutant Mayhem&#8221;; una sala con r\u00e9plicas de vestuario y novedosas prendas a la venta de la trilog\u00eda &#8220;Guardians of the Galaxy&#8221;; varias conferencias con curiosidades del \u00faltimo filme de &#8220;Dungeons &amp; Dragons&#8221;; y el estreno en exclusiva de la temporada final de &#8220;Archer&#8221; son lo m\u00e1s esperado del d\u00eda.<\/p>\n\n\n\n<p>En cualquier caso, no parece que esta 52 edici\u00f3n de la Comic-Con vaya a servir para consagrar esta cita tras los parones de la pandemia, como esperaban sus organizadores.<\/p>\n","protected":false},"excerpt":{"rendered":"<p>La 52 edici\u00f3n de la Comic-Con de San Diego, la mayor fiesta de la cultura pop del mundo, ech\u00f3 a andar eclipsada por las ausencias de las estrellas de Hollywood debido a la huelga que el Sindicato de Actores de EE.UU. (SAG-AFTRA) emprendi\u00f3 el jueves pasado. Una situaci\u00f3n que, como constat\u00f3 EFE este jueves, mantiene [&hellip;]<\/p>\n","protected":false},"author":80,"featured_media":271797,"comment_status":"closed","ping_status":"closed","sticky":false,"template":"","format":"standard","meta":{"footnotes":""},"categories":[38],"tags":[],"class_list":["post-271796","post","type-post","status-publish","format-standard","has-post-thumbnail","hentry","category-show"],"_links":{"self":[{"href":"https:\/\/plazajuarez.mx\/historico\/wp-json\/wp\/v2\/posts\/271796","targetHints":{"allow":["GET"]}}],"collection":[{"href":"https:\/\/plazajuarez.mx\/historico\/wp-json\/wp\/v2\/posts"}],"about":[{"href":"https:\/\/plazajuarez.mx\/historico\/wp-json\/wp\/v2\/types\/post"}],"author":[{"embeddable":true,"href":"https:\/\/plazajuarez.mx\/historico\/wp-json\/wp\/v2\/users\/80"}],"replies":[{"embeddable":true,"href":"https:\/\/plazajuarez.mx\/historico\/wp-json\/wp\/v2\/comments?post=271796"}],"version-history":[{"count":0,"href":"https:\/\/plazajuarez.mx\/historico\/wp-json\/wp\/v2\/posts\/271796\/revisions"}],"wp:featuredmedia":[{"embeddable":true,"href":"https:\/\/plazajuarez.mx\/historico\/wp-json\/wp\/v2\/media\/271797"}],"wp:attachment":[{"href":"https:\/\/plazajuarez.mx\/historico\/wp-json\/wp\/v2\/media?parent=271796"}],"wp:term":[{"taxonomy":"category","embeddable":true,"href":"https:\/\/plazajuarez.mx\/historico\/wp-json\/wp\/v2\/categories?post=271796"},{"taxonomy":"post_tag","embeddable":true,"href":"https:\/\/plazajuarez.mx\/historico\/wp-json\/wp\/v2\/tags?post=271796"}],"curies":[{"name":"wp","href":"https:\/\/api.w.org\/{rel}","templated":true}]}}