{"id":271793,"date":"2023-07-22T06:31:00","date_gmt":"2023-07-22T12:31:00","guid":{"rendered":"https:\/\/plazajuarez.mx\/?p=271793"},"modified":"2023-07-21T18:33:04","modified_gmt":"2023-07-22T00:33:04","slug":"biden-rinde-tributo-al-arte-de-tony-bennett-y-a-su-vida-legendaria","status":"publish","type":"post","link":"https:\/\/plazajuarez.mx\/historico\/biden-rinde-tributo-al-arte-de-tony-bennett-y-a-su-vida-legendaria\/","title":{"rendered":"Biden rinde tributo al arte de Tony Bennett y a su vida &#8220;legendaria&#8221;"},"content":{"rendered":"\n<p>El presidente de Estados Unidos, Joe Biden, lament\u00f3 este viernes la muerte del cantante Tony Bennett, fallecido en Nueva York a los 96 a\u00f1os, y rindi\u00f3 tributo a su arte y a su vida &#8220;legendaria&#8221;.<\/p>\n\n\n\n<p>&#8220;Durante m\u00e1s de 70 a\u00f1os, Tony Bennett no solo cant\u00f3 los cl\u00e1sicos; \u00e9l mismo fue un cl\u00e1sico americano&#8221;, dijo Biden en un comunicado, en el que destac\u00f3 c\u00f3mo \u00e9ste se resisti\u00f3 siempre a ajustar su estilo a las modas y c\u00f3mo, a\u00fan as\u00ed, siempre encontr\u00f3 nuevos p\u00fablicos y colaboradores a los que encantar.<\/p>\n\n\n\n<p>Algo que, seg\u00fan el pol\u00edtico dem\u00f3crata, es &#8220;la marca de un artista verdaderamente atemporal&#8221;.<\/p>\n\n\n\n<p>&#8220;Por el camino, vivi\u00f3 la historia&#8221;, destac\u00f3 Biden, recordando que Bennett ayud\u00f3 a liberar prisioneros en el subcampo nazi de Dachau, se uni\u00f3 a la hist\u00f3rica marcha de 1965 por los derechos civiles y actu\u00f3 para mandatarios como Nelson Mandela, John F. Kennedy o la reina Isabel II.<\/p>\n\n\n\n<p>&#8220;No hay duda, la vida de Tony Bennett fue legendaria. Y sus contribuciones a las artes en Estados Unidos perdurar\u00e1n&#8221;, insisti\u00f3.<\/p>\n\n\n\n<p>El presidente estadounidense asegur\u00f3 que tanto \u00e9l como su esposa han sido desde hace mucho fan\u00e1ticos de su m\u00fasica, &#8220;no s\u00f3lo por su bella voz, sino tambi\u00e9n por la alegr\u00eda que le brindaba a todo lo que hac\u00eda&#8221;.<\/p>\n\n\n\n<p>Biden se sum\u00f3 as\u00ed a un aluvi\u00f3n de reacciones al fallecimiento del vocalista, que fue diagnosticado con Alzheimer en 2016, pero continu\u00f3 actuando y grabando hasta 2021.<\/p>\n\n\n\n<p>Su \u00faltima actuaci\u00f3n fue en agosto de 2021, cuando apareci\u00f3 junto a Lady Gaga -con quien public\u00f3 dos discos- en el Radio City Music Hall de Nueva York en un espect\u00e1culo titulado &#8220;One Last Time&#8221;.<\/p>\n","protected":false},"excerpt":{"rendered":"<p>El presidente de Estados Unidos, Joe Biden, lament\u00f3 este viernes la muerte del cantante Tony Bennett, fallecido en Nueva York a los 96 a\u00f1os, y rindi\u00f3 tributo a su arte y a su vida &#8220;legendaria&#8221;. &#8220;Durante m\u00e1s de 70 a\u00f1os, Tony Bennett no solo cant\u00f3 los cl\u00e1sicos; \u00e9l mismo fue un cl\u00e1sico americano&#8221;, dijo Biden [&hellip;]<\/p>\n","protected":false},"author":80,"featured_media":271794,"comment_status":"closed","ping_status":"closed","sticky":false,"template":"","format":"standard","meta":{"footnotes":""},"categories":[38],"tags":[],"class_list":["post-271793","post","type-post","status-publish","format-standard","has-post-thumbnail","hentry","category-show"],"_links":{"self":[{"href":"https:\/\/plazajuarez.mx\/historico\/wp-json\/wp\/v2\/posts\/271793","targetHints":{"allow":["GET"]}}],"collection":[{"href":"https:\/\/plazajuarez.mx\/historico\/wp-json\/wp\/v2\/posts"}],"about":[{"href":"https:\/\/plazajuarez.mx\/historico\/wp-json\/wp\/v2\/types\/post"}],"author":[{"embeddable":true,"href":"https:\/\/plazajuarez.mx\/historico\/wp-json\/wp\/v2\/users\/80"}],"replies":[{"embeddable":true,"href":"https:\/\/plazajuarez.mx\/historico\/wp-json\/wp\/v2\/comments?post=271793"}],"version-history":[{"count":0,"href":"https:\/\/plazajuarez.mx\/historico\/wp-json\/wp\/v2\/posts\/271793\/revisions"}],"wp:featuredmedia":[{"embeddable":true,"href":"https:\/\/plazajuarez.mx\/historico\/wp-json\/wp\/v2\/media\/271794"}],"wp:attachment":[{"href":"https:\/\/plazajuarez.mx\/historico\/wp-json\/wp\/v2\/media?parent=271793"}],"wp:term":[{"taxonomy":"category","embeddable":true,"href":"https:\/\/plazajuarez.mx\/historico\/wp-json\/wp\/v2\/categories?post=271793"},{"taxonomy":"post_tag","embeddable":true,"href":"https:\/\/plazajuarez.mx\/historico\/wp-json\/wp\/v2\/tags?post=271793"}],"curies":[{"name":"wp","href":"https:\/\/api.w.org\/{rel}","templated":true}]}}