{"id":271784,"date":"2023-07-22T06:22:00","date_gmt":"2023-07-22T12:22:00","guid":{"rendered":"https:\/\/plazajuarez.mx\/?p=271784"},"modified":"2023-07-21T18:25:43","modified_gmt":"2023-07-22T00:25:43","slug":"checo_-19","status":"publish","type":"post","link":"https:\/\/plazajuarez.mx\/historico\/checo_-19\/","title":{"rendered":"El emotivo gesto de &#8220;Checo&#8221; P\u00e9rez con un ni\u00f1o"},"content":{"rendered":"\n<p> Esta temporada de F\u00f3rmula 1 no ha sido lo que todos esper\u00e1bamos de Sergio &#8220;Checo&#8221; P\u00e9rez. Sin embargo, el piloto mexicano sigue estando en la parte alta del campeonato mundial de pilotos y adem\u00e1s, por su gran carrera en el deporte motor, tiene una gran base de aficionados.<\/p>\n\n\n\n<p>Esta ma\u00f1ana durante el Gran Premio de Hungr\u00eda, las c\u00e1maras de transmisi\u00f3n captaron a un peque\u00f1o aficionado de &#8220;Checo&#8221; llorando tras el choque que sufri\u00f3 el tapat\u00edo en la P1, en el cual P\u00e9rez no sali\u00f3 lastimado, aunque su RB19 s\u00ed.<\/p>\n\n\n\n<p>Sin embargo, la historia tuvo un final feliz, ya que el subl\u00edder de Red Bull logr\u00f3 acercarse a \u00e9l, darle la mano y tomarse una foto en la zona exclusiva de la escuder\u00eda austriaca.<\/p>\n\n\n\n<p>En la P2, P\u00e9rez no tuvo mejor desempe\u00f1o y termin\u00f3 en la posici\u00f3n 18.<\/p>\n\n\n\n<p>Hist\u00f3ricamente, el circuito Hungaroring no le sienta bien al mexicano, que necesita un buen resultado este fin de semana para no alejarse de los primeros puestos.<\/p>\n","protected":false},"excerpt":{"rendered":"<p>Esta temporada de F\u00f3rmula 1 no ha sido lo que todos esper\u00e1bamos de Sergio &#8220;Checo&#8221; P\u00e9rez. Sin embargo, el piloto mexicano sigue estando en la parte alta del campeonato mundial de pilotos y adem\u00e1s, por su gran carrera en el deporte motor, tiene una gran base de aficionados. Esta ma\u00f1ana durante el Gran Premio de [&hellip;]<\/p>\n","protected":false},"author":81,"featured_media":267135,"comment_status":"closed","ping_status":"closed","sticky":false,"template":"","format":"standard","meta":{"footnotes":""},"categories":[39],"tags":[],"class_list":["post-271784","post","type-post","status-publish","format-standard","has-post-thumbnail","hentry","category-deportiva"],"_links":{"self":[{"href":"https:\/\/plazajuarez.mx\/historico\/wp-json\/wp\/v2\/posts\/271784","targetHints":{"allow":["GET"]}}],"collection":[{"href":"https:\/\/plazajuarez.mx\/historico\/wp-json\/wp\/v2\/posts"}],"about":[{"href":"https:\/\/plazajuarez.mx\/historico\/wp-json\/wp\/v2\/types\/post"}],"author":[{"embeddable":true,"href":"https:\/\/plazajuarez.mx\/historico\/wp-json\/wp\/v2\/users\/81"}],"replies":[{"embeddable":true,"href":"https:\/\/plazajuarez.mx\/historico\/wp-json\/wp\/v2\/comments?post=271784"}],"version-history":[{"count":0,"href":"https:\/\/plazajuarez.mx\/historico\/wp-json\/wp\/v2\/posts\/271784\/revisions"}],"wp:featuredmedia":[{"embeddable":true,"href":"https:\/\/plazajuarez.mx\/historico\/wp-json\/wp\/v2\/media\/267135"}],"wp:attachment":[{"href":"https:\/\/plazajuarez.mx\/historico\/wp-json\/wp\/v2\/media?parent=271784"}],"wp:term":[{"taxonomy":"category","embeddable":true,"href":"https:\/\/plazajuarez.mx\/historico\/wp-json\/wp\/v2\/categories?post=271784"},{"taxonomy":"post_tag","embeddable":true,"href":"https:\/\/plazajuarez.mx\/historico\/wp-json\/wp\/v2\/tags?post=271784"}],"curies":[{"name":"wp","href":"https:\/\/api.w.org\/{rel}","templated":true}]}}