{"id":271781,"date":"2023-07-22T06:19:00","date_gmt":"2023-07-22T12:19:00","guid":{"rendered":"https:\/\/plazajuarez.mx\/?p=271781"},"modified":"2023-07-21T18:22:32","modified_gmt":"2023-07-22T00:22:32","slug":"pumas-4","status":"publish","type":"post","link":"https:\/\/plazajuarez.mx\/historico\/pumas-4\/","title":{"rendered":"Pumas hace oficial la salida de Higor Meritao"},"content":{"rendered":"\n<p>Despu\u00e9s de varios meses en los cuales su futuro se ve\u00eda incierto, el Club Universidad Nacional hizo oficial en redes sociales que el mediocampista brasile\u00f1o Higor Merit\u00e3o no ser\u00e1 m\u00e1s jugador de la instituci\u00f3n universitaria.<\/p>\n\n\n\n<p>Como era de esperarse, el anuncio se hizo antes del debut de Pumas en la Leagues Cup.<\/p>\n\n\n\n<p>Este mismo viernes, el club brasile\u00f1o Goias subi\u00f3 un video a sus redes sociales presentando al exmediocampista de Pumas con la nueva camiseta.<\/p>\n\n\n\n<p>Actualmente, el Goias se encuentra en el puesto n\u00famero 17 del Brasileirao, el primero de la zona de descenso; sin embargo, est\u00e1n a un punto de Bah\u00eda con m\u00e1s de 20 jornadas por disputar.<\/p>\n","protected":false},"excerpt":{"rendered":"<p>Despu\u00e9s de varios meses en los cuales su futuro se ve\u00eda incierto, el Club Universidad Nacional hizo oficial en redes sociales que el mediocampista brasile\u00f1o Higor Merit\u00e3o no ser\u00e1 m\u00e1s jugador de la instituci\u00f3n universitaria. Como era de esperarse, el anuncio se hizo antes del debut de Pumas en la Leagues Cup. Este mismo viernes, [&hellip;]<\/p>\n","protected":false},"author":81,"featured_media":271782,"comment_status":"closed","ping_status":"closed","sticky":false,"template":"","format":"standard","meta":{"footnotes":""},"categories":[39],"tags":[],"class_list":["post-271781","post","type-post","status-publish","format-standard","has-post-thumbnail","hentry","category-deportiva"],"_links":{"self":[{"href":"https:\/\/plazajuarez.mx\/historico\/wp-json\/wp\/v2\/posts\/271781","targetHints":{"allow":["GET"]}}],"collection":[{"href":"https:\/\/plazajuarez.mx\/historico\/wp-json\/wp\/v2\/posts"}],"about":[{"href":"https:\/\/plazajuarez.mx\/historico\/wp-json\/wp\/v2\/types\/post"}],"author":[{"embeddable":true,"href":"https:\/\/plazajuarez.mx\/historico\/wp-json\/wp\/v2\/users\/81"}],"replies":[{"embeddable":true,"href":"https:\/\/plazajuarez.mx\/historico\/wp-json\/wp\/v2\/comments?post=271781"}],"version-history":[{"count":0,"href":"https:\/\/plazajuarez.mx\/historico\/wp-json\/wp\/v2\/posts\/271781\/revisions"}],"wp:featuredmedia":[{"embeddable":true,"href":"https:\/\/plazajuarez.mx\/historico\/wp-json\/wp\/v2\/media\/271782"}],"wp:attachment":[{"href":"https:\/\/plazajuarez.mx\/historico\/wp-json\/wp\/v2\/media?parent=271781"}],"wp:term":[{"taxonomy":"category","embeddable":true,"href":"https:\/\/plazajuarez.mx\/historico\/wp-json\/wp\/v2\/categories?post=271781"},{"taxonomy":"post_tag","embeddable":true,"href":"https:\/\/plazajuarez.mx\/historico\/wp-json\/wp\/v2\/tags?post=271781"}],"curies":[{"name":"wp","href":"https:\/\/api.w.org\/{rel}","templated":true}]}}