{"id":271771,"date":"2023-07-22T05:11:00","date_gmt":"2023-07-22T11:11:00","guid":{"rendered":"https:\/\/plazajuarez.mx\/?p=271771"},"modified":"2023-07-21T17:11:43","modified_gmt":"2023-07-21T23:11:43","slug":"migran","status":"publish","type":"post","link":"https:\/\/plazajuarez.mx\/historico\/migran\/","title":{"rendered":"Autoridades hallan a 148 migrantes hacinados en un tr\u00e1iler en el este de M\u00e9xico"},"content":{"rendered":"\n<p>&nbsp;Autoridades mexicanas hallaron este viernes a 148 migrantes originarios de Honduras, El Salvador y Guatemala que se encontraban en un tr\u00e1iler hacinados y deshidratados en el oriental estado mexicano de Veracruz.<\/p>\n\n\n\n<p>&#8220;El Instituto Nacional de Migraci\u00f3n (INM) rescat\u00f3 a 148 personas migrantes que viajaban hacinados en la caja de un tr\u00e1iler y fueron abandonados -en condiciones de riesgo para su vida- a un costado de la carretera Minatitl\u00e1n-C\u00f3rdoba&#8221;, indic\u00f3 la instituci\u00f3n en un comunicado.<\/p>\n\n\n\n<p>Detallaron que identificaron a 44 n\u00facleos familiares integrados por 115 persones. Adem\u00e1s, hab\u00eda 10 adultos y 23 menores no acompa\u00f1ados.<\/p>\n\n\n\n<p>Personal de varias dependencias realizaban una verificaci\u00f3n cuando detectaron al veh\u00edculo y al realizar una revisi\u00f3n se encontraron con las 148 personas que no pudieron acreditar su estancia regular en el pa\u00eds.<\/p>\n\n\n\n<p>All\u00ed, se brind\u00f3 atenci\u00f3n humanitaria a los migrantes m\u00e1s vulnerables y se verific\u00f3 el estado de salud de todos.<\/p>\n\n\n\n<p>Los adultos que viajaban en el tr\u00e1iler fueron llevados a instalaciones de la autoridad migratoria mexicana para realizar sus tr\u00e1mites migratorios.<\/p>\n\n\n\n<p>Mientras, los menores no acompa\u00f1ados y los n\u00facleos familiares est\u00e1n bajo resguardo del Sistema para el Desarrollo Integral de la Familia (DIF) y de la Procuradur\u00eda de la Defensa del Menor para continuar con sus tr\u00e1mites migratorios.<\/p>\n\n\n\n<p>Seg\u00fan detall\u00f3 el INM, el conductor del tr\u00e1iler huy\u00f3 del lugar y el veh\u00edculo qued\u00f3 a disposici\u00f3n de las autoridades federales correspondientes.<\/p>\n\n\n\n<p>El hecho refleja el in\u00e9dito flujo migratorio, con m\u00e1s de 2,76 millones de migrantes indocumentados interceptados por Estados Unidos en la frontera en el a\u00f1o fiscal 2022.<\/p>\n\n\n\n<p>Mientras que M\u00e9xico registr\u00f3 un incremento anual de m\u00e1s del 43 % en el n\u00famero de &#8220;personas en situaci\u00f3n irregular&#8221; en el pa\u00eds en el pasado a\u00f1o, cuando detect\u00f3 444.439.<\/p>\n\n\n\n<p>Los migrantes que atraviesan M\u00e9xico para llegar hasta Estados Unidos, adem\u00e1s, se enfrentan desde el pasado 11 de mayo a una situaci\u00f3n incierta, despu\u00e9s de que Washington pusiera fin al T\u00edtulo 42, una ley sanitaria con la que expulsaron a 2,8 millones de extranjeros bajo el pretexto de la pandemia del coronavirus.<\/p>\n\n\n\n<p>En su lugar, el Gobierno estadounidense aplica ahora el T\u00edtulo 8, que agrava las sanciones para aquellos que crucen la frontera de forma ilegal.<\/p>\n","protected":false},"excerpt":{"rendered":"<p>&nbsp;Autoridades mexicanas hallaron este viernes a 148 migrantes originarios de Honduras, El Salvador y Guatemala que se encontraban en un tr\u00e1iler hacinados y deshidratados en el oriental estado mexicano de Veracruz. &#8220;El Instituto Nacional de Migraci\u00f3n (INM) rescat\u00f3 a 148 personas migrantes que viajaban hacinados en la caja de un tr\u00e1iler y fueron abandonados -en [&hellip;]<\/p>\n","protected":false},"author":80,"featured_media":271773,"comment_status":"closed","ping_status":"closed","sticky":false,"template":"","format":"standard","meta":{"footnotes":""},"categories":[37,31],"tags":[],"class_list":["post-271771","post","type-post","status-publish","format-standard","has-post-thumbnail","hentry","category-barandilla","category-orbe"],"_links":{"self":[{"href":"https:\/\/plazajuarez.mx\/historico\/wp-json\/wp\/v2\/posts\/271771","targetHints":{"allow":["GET"]}}],"collection":[{"href":"https:\/\/plazajuarez.mx\/historico\/wp-json\/wp\/v2\/posts"}],"about":[{"href":"https:\/\/plazajuarez.mx\/historico\/wp-json\/wp\/v2\/types\/post"}],"author":[{"embeddable":true,"href":"https:\/\/plazajuarez.mx\/historico\/wp-json\/wp\/v2\/users\/80"}],"replies":[{"embeddable":true,"href":"https:\/\/plazajuarez.mx\/historico\/wp-json\/wp\/v2\/comments?post=271771"}],"version-history":[{"count":0,"href":"https:\/\/plazajuarez.mx\/historico\/wp-json\/wp\/v2\/posts\/271771\/revisions"}],"wp:featuredmedia":[{"embeddable":true,"href":"https:\/\/plazajuarez.mx\/historico\/wp-json\/wp\/v2\/media\/271773"}],"wp:attachment":[{"href":"https:\/\/plazajuarez.mx\/historico\/wp-json\/wp\/v2\/media?parent=271771"}],"wp:term":[{"taxonomy":"category","embeddable":true,"href":"https:\/\/plazajuarez.mx\/historico\/wp-json\/wp\/v2\/categories?post=271771"},{"taxonomy":"post_tag","embeddable":true,"href":"https:\/\/plazajuarez.mx\/historico\/wp-json\/wp\/v2\/tags?post=271771"}],"curies":[{"name":"wp","href":"https:\/\/api.w.org\/{rel}","templated":true}]}}