{"id":271767,"date":"2023-07-22T06:47:00","date_gmt":"2023-07-22T12:47:00","guid":{"rendered":"https:\/\/plazajuarez.mx\/?p=271767"},"modified":"2023-07-21T18:49:01","modified_gmt":"2023-07-22T00:49:01","slug":"centro-2","status":"publish","type":"post","link":"https:\/\/plazajuarez.mx\/historico\/centro-2\/","title":{"rendered":"Capacitaci\u00f3n y profesionalizaci\u00f3n de polic\u00edas de la Regi\u00f3n Centro"},"content":{"rendered":"\n<p>La sesi\u00f3n tiene la finalidad de contribuir en las acciones para combatir y prevenir el delito<\/p>\n\n\n\n<p>El titular del Secretariado Ejecutivo del Consejo Estatal de Seguridad P\u00fablica, Carlos Emigdio Arozqueta Sol\u00eds, asisti\u00f3 a la Segunda Sesi\u00f3n Ordinaria del Consejo Acad\u00e9mico de la Regi\u00f3n Centro.<\/p>\n\n\n\n<p>Cabe destacar que esta sesi\u00f3n se desarroll\u00f3 con la finalidad de mejorar las estrategias que se implementan en cada una de las entidades, adem\u00e1s de contribuir en las acciones para combatir y prevenir el delito.<\/p>\n\n\n\n<p>Es importante se\u00f1alar que el Consejo agrupa a los institutos de formaci\u00f3n y capacitaci\u00f3n policial, de tal manera que se estableci\u00f3 una gu\u00eda para priorizar la justicia c\u00edvica, la investigaci\u00f3n cient\u00edfica y la perspectiva de g\u00e9nero.<\/p>\n\n\n\n<p>De acuerdo con el titular \u201cla capacitaci\u00f3n y profesionalizaci\u00f3n de nuestros polic\u00edas es una necesidad imperante. Estamos convencidos de que contar con profesionales capacitados y con mejores herramientas es fundamental para que desempe\u00f1en su labor diaria en beneficio de la ciudadan\u00eda\u201d.<\/p>\n","protected":false},"excerpt":{"rendered":"<p>La sesi\u00f3n tiene la finalidad de contribuir en las acciones para combatir y prevenir el delito El titular del Secretariado Ejecutivo del Consejo Estatal de Seguridad P\u00fablica, Carlos Emigdio Arozqueta Sol\u00eds, asisti\u00f3 a la Segunda Sesi\u00f3n Ordinaria del Consejo Acad\u00e9mico de la Regi\u00f3n Centro. Cabe destacar que esta sesi\u00f3n se desarroll\u00f3 con la finalidad de [&hellip;]<\/p>\n","protected":false},"author":93,"featured_media":271805,"comment_status":"closed","ping_status":"closed","sticky":false,"template":"","format":"standard","meta":{"footnotes":""},"categories":[15,59,2159],"tags":[],"class_list":["post-271767","post","type-post","status-publish","format-standard","has-post-thumbnail","hentry","category-destacadas","category-general","category-noticias-de-hidalgo"],"_links":{"self":[{"href":"https:\/\/plazajuarez.mx\/historico\/wp-json\/wp\/v2\/posts\/271767","targetHints":{"allow":["GET"]}}],"collection":[{"href":"https:\/\/plazajuarez.mx\/historico\/wp-json\/wp\/v2\/posts"}],"about":[{"href":"https:\/\/plazajuarez.mx\/historico\/wp-json\/wp\/v2\/types\/post"}],"author":[{"embeddable":true,"href":"https:\/\/plazajuarez.mx\/historico\/wp-json\/wp\/v2\/users\/93"}],"replies":[{"embeddable":true,"href":"https:\/\/plazajuarez.mx\/historico\/wp-json\/wp\/v2\/comments?post=271767"}],"version-history":[{"count":0,"href":"https:\/\/plazajuarez.mx\/historico\/wp-json\/wp\/v2\/posts\/271767\/revisions"}],"wp:featuredmedia":[{"embeddable":true,"href":"https:\/\/plazajuarez.mx\/historico\/wp-json\/wp\/v2\/media\/271805"}],"wp:attachment":[{"href":"https:\/\/plazajuarez.mx\/historico\/wp-json\/wp\/v2\/media?parent=271767"}],"wp:term":[{"taxonomy":"category","embeddable":true,"href":"https:\/\/plazajuarez.mx\/historico\/wp-json\/wp\/v2\/categories?post=271767"},{"taxonomy":"post_tag","embeddable":true,"href":"https:\/\/plazajuarez.mx\/historico\/wp-json\/wp\/v2\/tags?post=271767"}],"curies":[{"name":"wp","href":"https:\/\/api.w.org\/{rel}","templated":true}]}}