{"id":271732,"date":"2023-07-22T07:00:35","date_gmt":"2023-07-22T13:00:35","guid":{"rendered":"https:\/\/plazajuarez.mx\/?p=271732"},"modified":"2023-07-21T16:50:47","modified_gmt":"2023-07-21T22:50:47","slug":"biden_-14","status":"publish","type":"post","link":"https:\/\/plazajuarez.mx\/historico\/biden_-14\/","title":{"rendered":"Biden nomina a una mujer para liderar por primera vez la Armada de Estados Unidos"},"content":{"rendered":"\n<p>El presidente de Estados Unidos, Joe Biden, eligi\u00f3 este viernes a la almirante Lisa Franchetti para liderar la Armada estadounidense, una elecci\u00f3n que, de confirmarse, la convertir\u00eda en la primera mujer al frente de esa divisi\u00f3n y en el Estado Mayor conjunto.<\/p>\n\n\n\n<p>Biden se\u00f1al\u00f3 en un comunicado difundido por la Casa Blanca que, como pr\u00f3xima jefa de Operaciones Navales, Franchetti aportar\u00e1 38 a\u00f1os de servicio dedicados a la naci\u00f3n.<\/p>\n\n\n\n<p>&#8220;A lo largo de su carrera, ha demostrado una amplia experiencia tanto en el \u00e1mbito operativo como en el de pol\u00edticas. Fue la segunda mujer en alcanzar el rango de almirante de cuatro estrellas en la Marina de Estados Unidos y, cuando sea confirmada, volver\u00e1 a hacer historia como la primera mujer en servir como Jefa de Operaciones Navales y en el Estado Mayor Conjunto&#8221;, apunt\u00f3 esa nota.<\/p>\n\n\n\n<p>La designaci\u00f3n del mandatario debe pasar el visto bueno del Senado, donde los dem\u00f3cratas tienen desde el pasado enero 48 esca\u00f1os, los republicanos 49 y hay otros tres independientes de tendencia progresista.<\/p>\n\n\n\n<p>Franchetti naci\u00f3 hace 59 a\u00f1os en Rochester (Nueva York). Asumi\u00f3 el puesto de vicejefa de Operaciones Navales en septiembre de 2022 y entre sus puestos en el pasado figuran el de comandante de las Fuerzas Navales de EE.UU. en Corea, subcomandante de esas fuerzas en Europa y \u00c1frica o directora de Estrategia, Planes y Pol\u00edticas del Estado Mayor Conjunto.<\/p>\n\n\n\n<p>Franchetti suceder\u00e1 al almirante Michael Gilday, nombrado en agosto de 2019.<\/p>\n\n\n\n<p>Como pr\u00f3ximo vicejefe de Operaciones Navales, Biden nomin\u00f3 al vicealmirante James Kilby, mientras que el almirante Samuel Paparo fue elegido como comandante del Comando del Indopac\u00edfico, y el vicealmirante Stephen &#8220;Web&#8221; Koehler para liderar la Flota estadounidense del Pac\u00edfico.<\/p>\n\n\n\n<p>Seg\u00fan el mandatario dem\u00f3crata, se trata de cuatro de los oficiales m\u00e1s experimentados y altamente calificados de Estados Unidos, y cada uno de ellos aporta &#8220;aporta un conjunto de habilidades esenciales que mejorar\u00e1n y fortalecer\u00e1n la capacidad operativa de la fuerza militar y naval m\u00e1s grande que el mundo jam\u00e1s ha visto&#8221;.<\/p>\n\n\n\n<p>Biden urgi\u00f3 al Senado a avanzar r\u00e1pido en su confirmaci\u00f3n dados los actuales desaf\u00edos a la seguridad nacional, y pidi\u00f3 a la C\u00e1mara Alta que tambi\u00e9n se desbloqueen el resto de nominaciones pendientes.<\/p>\n\n\n\n<p>El presidente mencion\u00f3 de forma expl\u00edcita al legislador republicano Tommy Tuberville, que lleva meses paralizando el nombramiento de cargos militares hasta que el Pent\u00e1gono no modifique su pol\u00edtica de libertad reproductiva.<\/p>\n\n\n\n<p>Esa pol\u00edtica permite entre otros puntos a las mujeres soldado tomar unos d\u00edas de baja para abortar y subvenciona los gastos de viaje cuando tienen que desplazarse a otro estado para interrumpir voluntariamente su embarazo si en el suyo est\u00e1 prohibido.<\/p>\n\n\n\n<p>&#8220;Lo que est\u00e1 haciendo el senador Tuberville no solo est\u00e1 mal, es peligroso. En este momento de contextos de seguridad en r\u00e1pida evoluci\u00f3n e intensa competencia, est\u00e1 arriesgando nuestra capacidad para garantizar que las Fuerzas Armadas de Estados Unidos sigan siendo la mayor fuerza de combate en la historia del mundo. Y sus colegas republicanos en el Senado lo saben&#8221;, lament\u00f3 Biden.<\/p>\n\n\n\n<p>Tuberville se ha negado a autorizar unos 250 nombramientos desde febrero. Esta postura consigui\u00f3 el pasado 10 de julio que, por primera vez en 164 a\u00f1os, el Cuerpo de Marines se quedara sin general porque David Berger se retir\u00f3 y el Senado no ha confirmado a su sucesor, Eric Smith, que act\u00faa desde entonces de forma interina.<\/p>\n\n\n\n<p>El legislador, antiguo entrenador de f\u00fatbol americano, es miembro del comit\u00e9 de Servicios Armados del Senado. Su bloqueo hace que las nominaciones deban ser abordadas caso por caso, en lugar de hacerlo en bloque por consenso, como suele ser habitual, retrasando as\u00ed todo el proceso.<\/p>\n","protected":false},"excerpt":{"rendered":"<p>El presidente de Estados Unidos, Joe Biden, eligi\u00f3 este viernes a la almirante Lisa Franchetti para liderar la Armada estadounidense, una elecci\u00f3n que, de confirmarse, la convertir\u00eda en la primera mujer al frente de esa divisi\u00f3n y en el Estado Mayor conjunto. Biden se\u00f1al\u00f3 en un comunicado difundido por la Casa Blanca que, como pr\u00f3xima [&hellip;]<\/p>\n","protected":false},"author":80,"featured_media":271758,"comment_status":"closed","ping_status":"closed","sticky":false,"template":"","format":"standard","meta":{"footnotes":""},"categories":[31],"tags":[],"class_list":["post-271732","post","type-post","status-publish","format-standard","has-post-thumbnail","hentry","category-orbe"],"_links":{"self":[{"href":"https:\/\/plazajuarez.mx\/historico\/wp-json\/wp\/v2\/posts\/271732","targetHints":{"allow":["GET"]}}],"collection":[{"href":"https:\/\/plazajuarez.mx\/historico\/wp-json\/wp\/v2\/posts"}],"about":[{"href":"https:\/\/plazajuarez.mx\/historico\/wp-json\/wp\/v2\/types\/post"}],"author":[{"embeddable":true,"href":"https:\/\/plazajuarez.mx\/historico\/wp-json\/wp\/v2\/users\/80"}],"replies":[{"embeddable":true,"href":"https:\/\/plazajuarez.mx\/historico\/wp-json\/wp\/v2\/comments?post=271732"}],"version-history":[{"count":0,"href":"https:\/\/plazajuarez.mx\/historico\/wp-json\/wp\/v2\/posts\/271732\/revisions"}],"wp:featuredmedia":[{"embeddable":true,"href":"https:\/\/plazajuarez.mx\/historico\/wp-json\/wp\/v2\/media\/271758"}],"wp:attachment":[{"href":"https:\/\/plazajuarez.mx\/historico\/wp-json\/wp\/v2\/media?parent=271732"}],"wp:term":[{"taxonomy":"category","embeddable":true,"href":"https:\/\/plazajuarez.mx\/historico\/wp-json\/wp\/v2\/categories?post=271732"},{"taxonomy":"post_tag","embeddable":true,"href":"https:\/\/plazajuarez.mx\/historico\/wp-json\/wp\/v2\/tags?post=271732"}],"curies":[{"name":"wp","href":"https:\/\/api.w.org\/{rel}","templated":true}]}}