{"id":271716,"date":"2023-07-22T07:22:00","date_gmt":"2023-07-22T13:22:00","guid":{"rendered":"https:\/\/plazajuarez.mx\/?p=271716"},"modified":"2023-07-21T16:25:47","modified_gmt":"2023-07-21T22:25:47","slug":"15","status":"publish","type":"post","link":"https:\/\/plazajuarez.mx\/historico\/15\/","title":{"rendered":"15 detenidos en protestas en Israel tras el discurso de Netanyahu en pro de la reforma"},"content":{"rendered":"\n<p>Al menos quince personas fueron detenidas anoche en manifestaciones improvisadas que surgieron en varios puntos de Israel, sobre todo en Tel Aviv, despu\u00e9s de que el primer ministro, Benjam\u00edn Netanyahu, diera un discurso televisado en el que defendi\u00f3 su pol\u00e9mica reforma judicial y garantiz\u00f3 que &#8220;fortalecer\u00e1 la democracia&#8221;.<\/p>\n\n\n\n<p>Siete personas fueron detenidas en Tel Aviv, donde los manifestantes bloquearon de nuevo varias horas su arteria principal, la autopista Ayalon; y otras ocho en la cercana ciudad de Ranana, por &#8220;violaciones de orden p\u00fablico&#8221;, indic\u00f3 un portavoz policial.<\/p>\n\n\n\n<p>Los activistas prodemocracia cortaron esa autopista de Tel Aviv varias veces y prendieron fuego y tocaron tambores para eludir los esfuerzos de dispersarlos de la polic\u00eda, que tuvo que recurrir a la polic\u00eda montada y a ca\u00f1ones de agua; mientras que tanto all\u00ed como en Ranana, los manifestantes se congregaron tambi\u00e9n frente a las estaciones de polic\u00eda para reclamar la liberaci\u00f3n de los detenidos.<\/p>\n\n\n\n<p>Las protestas, que se extendieron r\u00e1pidamente por todo el pa\u00eds, surgieron de manera improvisada, despu\u00e9s de que Netanyahu confirmara la intenci\u00f3n de su gobierno de seguir adelante unilateralmente con la reforma judicial y culpara a la oposici\u00f3n de la falta de consenso por haber roto el di\u00e1logo.<\/p>\n\n\n\n<p>&#8220;Fue un discurso lleno de mentiras e incitaci\u00f3n. El primer ministro, en lugar de dejar el pa\u00eds intacto, est\u00e1 eligiendo la dictadura&#8221;, afirmaron las organizaciones convocantes. &#8220;Es el momento de que los ciudadanos salgan y resistan&#8221;, llamaron.<\/p>\n\n\n\n<p>La Kn\u00e9set, controlada por los partidos de la coalici\u00f3n, celebrar\u00e1 una sesi\u00f3n plenaria extraordinaria el domingo -cuando el pleno no acostumbra a reunirse- para votar en segunda y tercera lectura el proyecto de ley que elimina la doctrina de la razonabilidad, que ser\u00e1 la primera ley de la reforma judicial que sale adelante despu\u00e9s de casi siete meses de pol\u00e9mica y divisi\u00f3n social en torno a ella.<\/p>\n\n\n\n<p>Esa doctrina permit\u00eda al Supremo revisar y revocar decisiones y nombramientos gubernamentales en base a si estos son razonables o no, por lo que anularla eliminar el sistema de equilibrios de una democracia, seg\u00fan los detractores de la reforma.<\/p>\n\n\n\n<p>\u201cEl responsable de lo que est\u00e1 pasando hoy en la econom\u00eda, de la ruptura de nuestro tejido social y sobre todo del da\u00f1o a la seguridad, el que est\u00e1 haciendo que el Ej\u00e9rcito se desmorone desde adentro, es el gobierno m\u00e1s extremista en la historia del pa\u00eds&#8221;, critic\u00f3 el l\u00edder de la oposici\u00f3n, Yair Lapid, en referencia a la postura de m\u00e1s de 4.000 reservistas, as\u00ed como pilotos y militares de unidades de \u00e9lite y de la inteligencia, que han expresado su intenci\u00f3n de no presentarse a servicio si la reforma sigue adelante.<\/p>\n","protected":false},"excerpt":{"rendered":"<p>Al menos quince personas fueron detenidas anoche en manifestaciones improvisadas que surgieron en varios puntos de Israel, sobre todo en Tel Aviv, despu\u00e9s de que el primer ministro, Benjam\u00edn Netanyahu, diera un discurso televisado en el que defendi\u00f3 su pol\u00e9mica reforma judicial y garantiz\u00f3 que &#8220;fortalecer\u00e1 la democracia&#8221;. Siete personas fueron detenidas en Tel Aviv, [&hellip;]<\/p>\n","protected":false},"author":80,"featured_media":271717,"comment_status":"closed","ping_status":"closed","sticky":false,"template":"","format":"standard","meta":{"footnotes":""},"categories":[31],"tags":[],"class_list":["post-271716","post","type-post","status-publish","format-standard","has-post-thumbnail","hentry","category-orbe"],"_links":{"self":[{"href":"https:\/\/plazajuarez.mx\/historico\/wp-json\/wp\/v2\/posts\/271716","targetHints":{"allow":["GET"]}}],"collection":[{"href":"https:\/\/plazajuarez.mx\/historico\/wp-json\/wp\/v2\/posts"}],"about":[{"href":"https:\/\/plazajuarez.mx\/historico\/wp-json\/wp\/v2\/types\/post"}],"author":[{"embeddable":true,"href":"https:\/\/plazajuarez.mx\/historico\/wp-json\/wp\/v2\/users\/80"}],"replies":[{"embeddable":true,"href":"https:\/\/plazajuarez.mx\/historico\/wp-json\/wp\/v2\/comments?post=271716"}],"version-history":[{"count":0,"href":"https:\/\/plazajuarez.mx\/historico\/wp-json\/wp\/v2\/posts\/271716\/revisions"}],"wp:featuredmedia":[{"embeddable":true,"href":"https:\/\/plazajuarez.mx\/historico\/wp-json\/wp\/v2\/media\/271717"}],"wp:attachment":[{"href":"https:\/\/plazajuarez.mx\/historico\/wp-json\/wp\/v2\/media?parent=271716"}],"wp:term":[{"taxonomy":"category","embeddable":true,"href":"https:\/\/plazajuarez.mx\/historico\/wp-json\/wp\/v2\/categories?post=271716"},{"taxonomy":"post_tag","embeddable":true,"href":"https:\/\/plazajuarez.mx\/historico\/wp-json\/wp\/v2\/tags?post=271716"}],"curies":[{"name":"wp","href":"https:\/\/api.w.org\/{rel}","templated":true}]}}