{"id":271463,"date":"2023-07-21T05:48:00","date_gmt":"2023-07-21T11:48:00","guid":{"rendered":"https:\/\/plazajuarez.mx\/?p=271463"},"modified":"2023-07-20T21:52:20","modified_gmt":"2023-07-21T03:52:20","slug":"asistencia","status":"publish","type":"post","link":"https:\/\/plazajuarez.mx\/historico\/asistencia\/","title":{"rendered":"Asistencia a eventos culturales no ha recuperado niveles prepand\u00e9mico"},"content":{"rendered":"\n<p><br><\/p>\n\n\n\n<p>El Instituto Nacional de Estad\u00edstica y Geograf\u00eda (Inegi) public\u00f3 el d\u00eda de ayer jueves el M\u00f3dulo Sobre Eventos Culturales Seleccionados (Modecult), estudio que tiene como objetivo generar informaci\u00f3n estad\u00edstica anual sobre la condici\u00f3n de asistencia de la poblaci\u00f3n mexicana de 18 y m\u00e1s a eventos y recintos culturales.<\/p>\n\n\n\n<p>El an\u00e1lisis de este a\u00f1o arroj\u00f3 que, en los \u00faltimos 12 meses, 48.7 % de la poblaci\u00f3n de 18 a\u00f1os y m\u00e1s asisti\u00f3, al menos una vez, a una obra de teatro, un concierto de m\u00fasica en vivo, un espect\u00e1culo de danza, una exposici\u00f3n, o a una proyecci\u00f3n de pel\u00edculas o cine.<\/p>\n\n\n\n<p>Sin embargo, tras la disminuci\u00f3n que se registr\u00f3 entre 2020 y 2022, la asistencia a eventos culturales aument\u00f3 en 2023. Pero esta se encuentra 9.1 puntos por debajo del porcentaje de 2019 (57.8 %), por lo que la asistencia en 2023 a eventos culturales no ha recuperados los niveles prepand\u00e9micos.<\/p>\n\n\n\n<p>De quienes asistieron a alg\u00fan evento cultural, ocho de cada 10 pertenec\u00edan al grupo de 18 a 24 a\u00f1os. Esta proporci\u00f3n desciende conforme aumenta la edad: en el grupo de 65 en adelante, se registraron dos de cada 10 personas.<\/p>\n\n\n\n<p>El mayor porcentaje de asistencia a eventos culturales seleccionados se present\u00f3 en el rubro proyecci\u00f3n de pel\u00edcula o cine, con 42.3 por ciento. Sigui\u00f3 concierto de m\u00fasica en vivo, con 21.3 por ciento. En el extremo opuesto lo ocup\u00f3 el espect\u00e1culo de danza, con 7.5 por ciento.<\/p>\n\n\n\n<p>La asistencia de hombres a eventos culturales ha sido m\u00e1s alta que la de las mujeres. En mayo de 2023, la brecha fue de 8.9 puntos porcentuales: menor que la observada en mayo de 2022, cuando lleg\u00f3 a 10.8 puntos porcentuales. No obstante, ambas superan a las observadas en los levantamientos previos a la pandemia, en los que hubo brechas menores a cuatro puntos porcentuales.<\/p>\n\n\n\n<p>De 2019 a 2023, aument\u00f3 el porcentaje de poblaci\u00f3n con nada de inter\u00e9s en asistir a eventos culturales. El desinter\u00e9s se identific\u00f3 para todos los tipos de eventos, especialmente para espect\u00e1culos de danza, con un incremento de 7.5 puntos porcentuales. Sigui\u00f3 concierto o presentaci\u00f3n de m\u00fasica en vivo, con 6.1 puntos porcentuales.<\/p>\n\n\n\n<p>En cuanto a los aspectos que motivan a la poblaci\u00f3n para asistir a eventos culturales, el mayor porcentaje fue para entradas a bajo costo. Sigui\u00f3 que se presenten cerca de su vivienda o trabajo y que se presenten en fin de semana.<\/p>\n","protected":false},"excerpt":{"rendered":"<p>El Instituto Nacional de Estad\u00edstica y Geograf\u00eda (Inegi) public\u00f3 el d\u00eda de ayer jueves el M\u00f3dulo Sobre Eventos Culturales Seleccionados (Modecult), estudio que tiene como objetivo generar informaci\u00f3n estad\u00edstica anual sobre la condici\u00f3n de asistencia de la poblaci\u00f3n mexicana de 18 y m\u00e1s a eventos y recintos culturales. El an\u00e1lisis de este a\u00f1o arroj\u00f3 que, [&hellip;]<\/p>\n","protected":false},"author":81,"featured_media":271464,"comment_status":"closed","ping_status":"closed","sticky":false,"template":"","format":"standard","meta":{"footnotes":""},"categories":[41],"tags":[],"class_list":["post-271463","post","type-post","status-publish","format-standard","has-post-thumbnail","hentry","category-arteria-cultural"],"_links":{"self":[{"href":"https:\/\/plazajuarez.mx\/historico\/wp-json\/wp\/v2\/posts\/271463","targetHints":{"allow":["GET"]}}],"collection":[{"href":"https:\/\/plazajuarez.mx\/historico\/wp-json\/wp\/v2\/posts"}],"about":[{"href":"https:\/\/plazajuarez.mx\/historico\/wp-json\/wp\/v2\/types\/post"}],"author":[{"embeddable":true,"href":"https:\/\/plazajuarez.mx\/historico\/wp-json\/wp\/v2\/users\/81"}],"replies":[{"embeddable":true,"href":"https:\/\/plazajuarez.mx\/historico\/wp-json\/wp\/v2\/comments?post=271463"}],"version-history":[{"count":0,"href":"https:\/\/plazajuarez.mx\/historico\/wp-json\/wp\/v2\/posts\/271463\/revisions"}],"wp:featuredmedia":[{"embeddable":true,"href":"https:\/\/plazajuarez.mx\/historico\/wp-json\/wp\/v2\/media\/271464"}],"wp:attachment":[{"href":"https:\/\/plazajuarez.mx\/historico\/wp-json\/wp\/v2\/media?parent=271463"}],"wp:term":[{"taxonomy":"category","embeddable":true,"href":"https:\/\/plazajuarez.mx\/historico\/wp-json\/wp\/v2\/categories?post=271463"},{"taxonomy":"post_tag","embeddable":true,"href":"https:\/\/plazajuarez.mx\/historico\/wp-json\/wp\/v2\/tags?post=271463"}],"curies":[{"name":"wp","href":"https:\/\/api.w.org\/{rel}","templated":true}]}}