{"id":271425,"date":"2023-07-20T14:19:27","date_gmt":"2023-07-20T20:19:27","guid":{"rendered":"https:\/\/plazajuarez.mx\/?p=271425"},"modified":"2023-07-20T14:19:29","modified_gmt":"2023-07-20T20:19:29","slug":"salas-de-cdmx-se-pintan-de-rosa-ante-el-estreno-de-barbie","status":"publish","type":"post","link":"https:\/\/plazajuarez.mx\/historico\/salas-de-cdmx-se-pintan-de-rosa-ante-el-estreno-de-barbie\/","title":{"rendered":"Salas de CDMX se pintan de rosa ante el estreno de &#8220;Barbie&#8221;"},"content":{"rendered":"\n<p>A tan solo unas horas de que se estren\u00f3 la pel\u00edcula &#8220;Barbie&#8221;, ya hay alta afluencia en taquillas de cine, donde el color rosa en vestimenta sobresale en ni\u00f1@s y adultos e incluso, no falta quien lleva en mano la mu\u00f1eca y el &#8220;Ken&#8221;.<\/p>\n\n\n\n<p>Durante un recorrido que realiz\u00f3 este diario por F\u00f3rum Buenavista se percibi\u00f3 la alta convocatoria en taquillas, sobre todo, en el \u00e1rea de comida, aunque el famoso vaso de la pel\u00edcula est\u00e1 agotado.<\/p>\n\n\n\n<p>La se\u00f1ora Ver\u00f3nica acudi\u00f3 con sus nietos al cine y ver finalmente la pel\u00edcula &#8220;Barbie&#8221;. Coment\u00f3 que su nieta es fan e incluso la peque\u00f1a porta su chamarra, playera, as\u00ed como su mu\u00f1eca y su &#8220;Ken&#8221;.<\/p>\n","protected":false},"excerpt":{"rendered":"<p>A tan solo unas horas de que se estren\u00f3 la pel\u00edcula &#8220;Barbie&#8221;, ya hay alta afluencia en taquillas de cine, donde el color rosa en vestimenta sobresale en ni\u00f1@s y adultos e incluso, no falta quien lleva en mano la mu\u00f1eca y el &#8220;Ken&#8221;. Durante un recorrido que realiz\u00f3 este diario por F\u00f3rum Buenavista se [&hellip;]<\/p>\n","protected":false},"author":81,"featured_media":271426,"comment_status":"closed","ping_status":"closed","sticky":false,"template":"","format":"standard","meta":{"footnotes":""},"categories":[38],"tags":[],"class_list":["post-271425","post","type-post","status-publish","format-standard","has-post-thumbnail","hentry","category-show"],"_links":{"self":[{"href":"https:\/\/plazajuarez.mx\/historico\/wp-json\/wp\/v2\/posts\/271425","targetHints":{"allow":["GET"]}}],"collection":[{"href":"https:\/\/plazajuarez.mx\/historico\/wp-json\/wp\/v2\/posts"}],"about":[{"href":"https:\/\/plazajuarez.mx\/historico\/wp-json\/wp\/v2\/types\/post"}],"author":[{"embeddable":true,"href":"https:\/\/plazajuarez.mx\/historico\/wp-json\/wp\/v2\/users\/81"}],"replies":[{"embeddable":true,"href":"https:\/\/plazajuarez.mx\/historico\/wp-json\/wp\/v2\/comments?post=271425"}],"version-history":[{"count":0,"href":"https:\/\/plazajuarez.mx\/historico\/wp-json\/wp\/v2\/posts\/271425\/revisions"}],"wp:featuredmedia":[{"embeddable":true,"href":"https:\/\/plazajuarez.mx\/historico\/wp-json\/wp\/v2\/media\/271426"}],"wp:attachment":[{"href":"https:\/\/plazajuarez.mx\/historico\/wp-json\/wp\/v2\/media?parent=271425"}],"wp:term":[{"taxonomy":"category","embeddable":true,"href":"https:\/\/plazajuarez.mx\/historico\/wp-json\/wp\/v2\/categories?post=271425"},{"taxonomy":"post_tag","embeddable":true,"href":"https:\/\/plazajuarez.mx\/historico\/wp-json\/wp\/v2\/tags?post=271425"}],"curies":[{"name":"wp","href":"https:\/\/api.w.org\/{rel}","templated":true}]}}