{"id":271250,"date":"2023-07-20T05:27:19","date_gmt":"2023-07-20T11:27:19","guid":{"rendered":"https:\/\/plazajuarez.mx\/?p=271250"},"modified":"2023-07-20T05:27:22","modified_gmt":"2023-07-20T11:27:22","slug":"dese-por-enterado-1157","status":"publish","type":"post","link":"https:\/\/plazajuarez.mx\/historico\/dese-por-enterado-1157\/","title":{"rendered":"DESE POR ENTERADO"},"content":{"rendered":"\n<p><strong>\u00a1POR FIN! SOLUCI\u00d3N REAL A LA FALTA DE AGUA<\/strong>. \u2013 Se trata, sin duda, de una de las acciones m\u00e1s importantes en lo que va de la actual administraci\u00f3n, para atender una demanda fundamental de la poblaci\u00f3n de la capital hidalguense y zona metropolitana: la falta de agua. Porque se enfrenta de manera directa el problema, con una medida que incluso resulta espectacular: perforar pozos en la zona urbana pachuque\u00f1a. Los pozos se ubicar\u00e1n en el bulevar Luis Donaldo Colosio, Zona Industrial La Paz, Juan C. Doria, Providencia, Matilde y T\u00e9llez. Adem\u00e1s tiene un ingrediente importante: m\u00e1s all\u00e1 de insistir que el pasado tiene la culpa de todo, lo que importa muy poco a los afectados, se decidi\u00f3 dar el paso directo a las acciones. Y en esto lo que valen son las acciones. El anuncio fue hecho por el propio gobernador, <strong>Julio Menchasa Salazar<\/strong>.<\/p>\n\n\n\n<figure class=\"wp-block-image size-full\"><img loading=\"lazy\" decoding=\"async\" width=\"1200\" height=\"800\" src=\"https:\/\/plazajuarez.mx\/historico\/historico\/wp-content\/uploads\/2023\/07\/\u00a1POR-FIN-SOLUCION-REAL-A-LA-FALTA-DE-AGUA-CORTESIA.jpg\" alt=\"\" class=\"wp-image-271252\" srcset=\"https:\/\/plazajuarez.mx\/historico\/wp-content\/uploads\/2023\/07\/\u00a1POR-FIN-SOLUCION-REAL-A-LA-FALTA-DE-AGUA-CORTESIA.jpg 1200w, https:\/\/plazajuarez.mx\/historico\/wp-content\/uploads\/2023\/07\/\u00a1POR-FIN-SOLUCION-REAL-A-LA-FALTA-DE-AGUA-CORTESIA-768x512.jpg 768w, https:\/\/plazajuarez.mx\/historico\/wp-content\/uploads\/2023\/07\/\u00a1POR-FIN-SOLUCION-REAL-A-LA-FALTA-DE-AGUA-CORTESIA-274x183.jpg 274w, https:\/\/plazajuarez.mx\/historico\/wp-content\/uploads\/2023\/07\/\u00a1POR-FIN-SOLUCION-REAL-A-LA-FALTA-DE-AGUA-CORTESIA-80x54.jpg 80w, https:\/\/plazajuarez.mx\/historico\/wp-content\/uploads\/2023\/07\/\u00a1POR-FIN-SOLUCION-REAL-A-LA-FALTA-DE-AGUA-CORTESIA-130x87.jpg 130w, https:\/\/plazajuarez.mx\/historico\/wp-content\/uploads\/2023\/07\/\u00a1POR-FIN-SOLUCION-REAL-A-LA-FALTA-DE-AGUA-CORTESIA-359x240.jpg 359w, https:\/\/plazajuarez.mx\/historico\/wp-content\/uploads\/2023\/07\/\u00a1POR-FIN-SOLUCION-REAL-A-LA-FALTA-DE-AGUA-CORTESIA-85x57.jpg 85w, https:\/\/plazajuarez.mx\/historico\/wp-content\/uploads\/2023\/07\/\u00a1POR-FIN-SOLUCION-REAL-A-LA-FALTA-DE-AGUA-CORTESIA-546x365.jpg 546w, https:\/\/plazajuarez.mx\/historico\/wp-content\/uploads\/2023\/07\/\u00a1POR-FIN-SOLUCION-REAL-A-LA-FALTA-DE-AGUA-CORTESIA-165x109.jpg 165w, https:\/\/plazajuarez.mx\/historico\/wp-content\/uploads\/2023\/07\/\u00a1POR-FIN-SOLUCION-REAL-A-LA-FALTA-DE-AGUA-CORTESIA-112x75.jpg 112w, https:\/\/plazajuarez.mx\/historico\/wp-content\/uploads\/2023\/07\/\u00a1POR-FIN-SOLUCION-REAL-A-LA-FALTA-DE-AGUA-CORTESIA-179x120.jpg 179w, https:\/\/plazajuarez.mx\/historico\/wp-content\/uploads\/2023\/07\/\u00a1POR-FIN-SOLUCION-REAL-A-LA-FALTA-DE-AGUA-CORTESIA-170x113.jpg 170w, https:\/\/plazajuarez.mx\/historico\/wp-content\/uploads\/2023\/07\/\u00a1POR-FIN-SOLUCION-REAL-A-LA-FALTA-DE-AGUA-CORTESIA-81x55.jpg 81w, https:\/\/plazajuarez.mx\/historico\/wp-content\/uploads\/2023\/07\/\u00a1POR-FIN-SOLUCION-REAL-A-LA-FALTA-DE-AGUA-CORTESIA-765x510.jpg 765w\" sizes=\"auto, (max-width: 1200px) 100vw, 1200px\" \/><figcaption class=\"wp-element-caption\">Foto: Cortes\u00eda<\/figcaption><\/figure>\n\n\n\n<p><strong>BUENO, \u00bfY EL CANTANTE S\u00cd VA A LAS SESIONES?<\/strong> \u2013 <strong>Francisco Xavier Berganza<\/strong>, quien luego de su fallido intento de ser gobernador de Hidalgo por en\u00e9sima ocasi\u00f3n, de plano se ausent\u00f3 de la coordinaci\u00f3n del Congreso Local y muy de vez en cuando se aparece, cuando as\u00ed sirva a sus intereses. Legislador por Movimiento Ciudadano, y a la fecha sepa Dios a qui\u00e9n represente, el ex cantante metido a pol\u00edtico, donde result\u00f3 igual de gris que como baladista, no acostumbra ir a las sesiones, aunque todos saben que su quincena se transfiere puntualmente, sin que se indigne porque le quieran pagar sin hace nada. Todo un vividor de la polaka, seguro ya busca a qu\u00e9 barco treparse en el 2024.<\/p>\n\n\n\n<figure class=\"wp-block-image size-full\"><img loading=\"lazy\" decoding=\"async\" width=\"1600\" height=\"1200\" src=\"https:\/\/plazajuarez.mx\/historico\/historico\/wp-content\/uploads\/2023\/07\/BUENO-\u00bfY-EL-CANTANTE-SI-VA-A-LAS-SESIONES_-DIARIO-PLAZA-JUAREZ.jpg\" alt=\"\" class=\"wp-image-271253\" srcset=\"https:\/\/plazajuarez.mx\/historico\/wp-content\/uploads\/2023\/07\/BUENO-\u00bfY-EL-CANTANTE-SI-VA-A-LAS-SESIONES_-DIARIO-PLAZA-JUAREZ.jpg 1600w, https:\/\/plazajuarez.mx\/historico\/wp-content\/uploads\/2023\/07\/BUENO-\u00bfY-EL-CANTANTE-SI-VA-A-LAS-SESIONES_-DIARIO-PLAZA-JUAREZ-768x576.jpg 768w, https:\/\/plazajuarez.mx\/historico\/wp-content\/uploads\/2023\/07\/BUENO-\u00bfY-EL-CANTANTE-SI-VA-A-LAS-SESIONES_-DIARIO-PLAZA-JUAREZ-1536x1152.jpg 1536w\" sizes=\"auto, (max-width: 1600px) 100vw, 1600px\" \/><figcaption class=\"wp-element-caption\">Foto: Diario Plaza Ju\u00e1rez<\/figcaption><\/figure>\n\n\n\n<p><strong>DE NUEVO, ROBOS AL POR MAYOR EN PUNTA AZUL<\/strong>. \u2013 No s\u00e9 si usted se acuerde, pero durante un buen tiempo, el fraccionamiento Punta Azul de Pachuca, alcanz\u00f3 el r\u00e9cord de ser la zona donde sus habitantes sab\u00edan que ser\u00edan visitados por los amantes de lo ajeno. No hubo casa que no fuera asaltada. Despu\u00e9s el asunto par\u00f3, pero de unos d\u00edas a la fecha el robo de autom\u00f3viles, de autopartes, de casas habitaci\u00f3n, de lo que se les ponga a la mano a los malandrines, ha crecido como la espuma. Desde aqu\u00ed un llamado a las autoridades policiacas para que hagan algo. Esta casa editorial se localiza justo en dicho fraccionamiento y son constantes las llamadas de vecinos para que se d\u00e9 la se\u00f1al de alerta.<\/p>\n\n\n\n<figure class=\"wp-block-image size-full\"><img loading=\"lazy\" decoding=\"async\" width=\"955\" height=\"590\" src=\"https:\/\/plazajuarez.mx\/historico\/historico\/wp-content\/uploads\/2023\/07\/DE-NUEVO-ROBOS-AL-POR-MAYOR-EN-PUNTA-AZUL-Google-maps.png\" alt=\"\" class=\"wp-image-271254\" srcset=\"https:\/\/plazajuarez.mx\/historico\/wp-content\/uploads\/2023\/07\/DE-NUEVO-ROBOS-AL-POR-MAYOR-EN-PUNTA-AZUL-Google-maps.png 955w, https:\/\/plazajuarez.mx\/historico\/wp-content\/uploads\/2023\/07\/DE-NUEVO-ROBOS-AL-POR-MAYOR-EN-PUNTA-AZUL-Google-maps-768x474.png 768w\" sizes=\"auto, (max-width: 955px) 100vw, 955px\" \/><figcaption class=\"wp-element-caption\">Foto: Captura de pantalla Google Maps<\/figcaption><\/figure>\n\n\n\n<p><strong>LOS PARA CUAUHT\u00c9MOC OCHOA<\/strong>. \u2013 El diputado federal, <strong>Cuauht\u00e9moc Ochoa<\/strong>, anda en las nubes porque, seg\u00fan \u00e9l y porristas que lo acompa\u00f1an, solito realiz\u00f3 un evento al ex secretario de Gobernaci\u00f3n, <strong>Ad\u00e1n Augusto<\/strong>, \u201cque ni Obama\u201d. Y resulta que el hoy morenista ya se la crey\u00f3 y estudia ahora qu\u00e9 rumbo tomar: si la candidatura al Senado, o a la presidencia municipal de Pachuca. Ejemplo de lo que no puede, ni debe ser un proceso democr\u00e1tico para la elecci\u00f3n de candidatos, Ochoa figur\u00f3 en el gobierno de <strong>Miguel Osorio<\/strong> en Obras P\u00fablicas, cargo que ocup\u00f3 de emergente luego de la salida de <strong>Paula Hern\u00e1ndez Olmos<\/strong>, despu\u00e9s brinc\u00f3 a otro instituto pol\u00edtico, luego a otro, y hoy est\u00e1 en los cuernos de la luna, seg\u00fan \u00e9l, porque solito hizo multitudinario evento. Suertudo, sin duda, porque siempre cae parado, aunque en partidos diferentes.<\/p>\n\n\n\n<figure class=\"wp-block-image size-full\"><img loading=\"lazy\" decoding=\"async\" width=\"749\" height=\"539\" src=\"https:\/\/plazajuarez.mx\/historico\/historico\/wp-content\/uploads\/2023\/07\/LOS-PARA-CUAUHTEMOC-OCHOA-Facebook-Cuauhtemoc-Ochoa.jpg\" alt=\"\" class=\"wp-image-271255\"\/><figcaption class=\"wp-element-caption\">Foto: Facebook Cuauht\u00e9moc Ochoa<\/figcaption><\/figure>\n\n\n\n<p><strong>Aviso para que no digan: Esta columna se nutre de comentarios recabados por agencias del Recontra-Espionaje, muy similares a las que populariz\u00f3 el \u201cS\u00faper Agente 86\u201d en sus tiempos. Como tal lo que publicamos puede que sea cierto, puede que no, o todo lo contrario. Est\u00e1 usted en libertad de creer o no lo que lee, recontra-enojarse, recontra- carcajearse y hasta recontra-recordarnos a nuestra jefecita (nosotros recontra-haremos lo propio). Avisado est\u00e1 usted.&nbsp;<\/strong><\/p>\n\n\n\n<p><strong>desexenterado@gmail.com @desexenterado&nbsp;<\/strong><\/p>\n","protected":false},"excerpt":{"rendered":"<p>\u00a1POR FIN! SOLUCI\u00d3N REAL A LA FALTA DE AGUA. \u2013 Se trata, sin duda, de una de las acciones m\u00e1s importantes en lo que va de la actual administraci\u00f3n, para atender una demanda fundamental de la poblaci\u00f3n de la capital hidalguense y zona metropolitana: la falta de agua. Porque se enfrenta de manera directa el [&hellip;]<\/p>\n","protected":false},"author":93,"featured_media":269245,"comment_status":"closed","ping_status":"closed","sticky":false,"template":"","format":"standard","meta":{"footnotes":""},"categories":[83],"tags":[],"class_list":["post-271250","post","type-post","status-publish","format-standard","has-post-thumbnail","hentry","category-dese-por-enterado"],"_links":{"self":[{"href":"https:\/\/plazajuarez.mx\/historico\/wp-json\/wp\/v2\/posts\/271250","targetHints":{"allow":["GET"]}}],"collection":[{"href":"https:\/\/plazajuarez.mx\/historico\/wp-json\/wp\/v2\/posts"}],"about":[{"href":"https:\/\/plazajuarez.mx\/historico\/wp-json\/wp\/v2\/types\/post"}],"author":[{"embeddable":true,"href":"https:\/\/plazajuarez.mx\/historico\/wp-json\/wp\/v2\/users\/93"}],"replies":[{"embeddable":true,"href":"https:\/\/plazajuarez.mx\/historico\/wp-json\/wp\/v2\/comments?post=271250"}],"version-history":[{"count":0,"href":"https:\/\/plazajuarez.mx\/historico\/wp-json\/wp\/v2\/posts\/271250\/revisions"}],"wp:featuredmedia":[{"embeddable":true,"href":"https:\/\/plazajuarez.mx\/historico\/wp-json\/wp\/v2\/media\/269245"}],"wp:attachment":[{"href":"https:\/\/plazajuarez.mx\/historico\/wp-json\/wp\/v2\/media?parent=271250"}],"wp:term":[{"taxonomy":"category","embeddable":true,"href":"https:\/\/plazajuarez.mx\/historico\/wp-json\/wp\/v2\/categories?post=271250"},{"taxonomy":"post_tag","embeddable":true,"href":"https:\/\/plazajuarez.mx\/historico\/wp-json\/wp\/v2\/tags?post=271250"}],"curies":[{"name":"wp","href":"https:\/\/api.w.org\/{rel}","templated":true}]}}