{"id":271226,"date":"2023-07-20T05:41:00","date_gmt":"2023-07-20T11:41:00","guid":{"rendered":"https:\/\/plazajuarez.mx\/?p=271226"},"modified":"2023-07-19T20:44:39","modified_gmt":"2023-07-20T02:44:39","slug":"marcelo-3","status":"publish","type":"post","link":"https:\/\/plazajuarez.mx\/historico\/marcelo-3\/","title":{"rendered":"Marcelo Ebrard est\u00e1 dispuesto a debatir con X\u00f3chitl G\u00e1lvez"},"content":{"rendered":"\n<p>El aspirante a la presidencia, Marcelo Ebrard, dijo estar dispuesto a debatir con la senadora del PAN, X\u00f3chitl G\u00e1lvez, ante la posibilidad de que sea la candidata de la oposici\u00f3n.<\/p>\n\n\n\n<p>Durante un evento en Quer\u00e9taro, insisti\u00f3 en que todos los que participan en estos procesos deber\u00edan estar abiertos al debate.<\/p>\n\n\n\n<p>&#8220;Con X\u00f3chitl si ella resulta ser la candidata del frente que representa, que yo veo que es mucho, pues reinstalar o defender pol\u00edticas de anta\u00f1o, pues vamos a debatir, claro que s\u00ed, con respeto, considerando que es una dama, igual que lo es Claudia&#8221;, apunt\u00f3.<\/p>\n\n\n\n<p>Si bien dijo que su objetivo no es hacer debates destructivos, s\u00ed se pueden hacer cr\u00edticas firmes, como su postura en torno a Jos\u00e9 \u00c1ngel Gurr\u00eda.<\/p>\n\n\n\n<p>&#8220;Jos\u00e9 \u00c1ngel Gurr\u00eda, exsecretario de Hacienda, creo que ahora est\u00e1 haciendo el plan de X\u00f3chitl o el que X\u00f3chitl va a defender, entonces, o eso dijeron. Temerario \u00bfno? Poner a este cuate a hacer tu plan de gobierno&#8221;, expres\u00f3.<\/p>\n","protected":false},"excerpt":{"rendered":"<p>El aspirante a la presidencia, Marcelo Ebrard, dijo estar dispuesto a debatir con la senadora del PAN, X\u00f3chitl G\u00e1lvez, ante la posibilidad de que sea la candidata de la oposici\u00f3n. Durante un evento en Quer\u00e9taro, insisti\u00f3 en que todos los que participan en estos procesos deber\u00edan estar abiertos al debate. &#8220;Con X\u00f3chitl si ella resulta [&hellip;]<\/p>\n","protected":false},"author":81,"featured_media":271227,"comment_status":"closed","ping_status":"closed","sticky":false,"template":"","format":"standard","meta":{"footnotes":""},"categories":[36],"tags":[],"class_list":["post-271226","post","type-post","status-publish","format-standard","has-post-thumbnail","hentry","category-nacion"],"_links":{"self":[{"href":"https:\/\/plazajuarez.mx\/historico\/wp-json\/wp\/v2\/posts\/271226","targetHints":{"allow":["GET"]}}],"collection":[{"href":"https:\/\/plazajuarez.mx\/historico\/wp-json\/wp\/v2\/posts"}],"about":[{"href":"https:\/\/plazajuarez.mx\/historico\/wp-json\/wp\/v2\/types\/post"}],"author":[{"embeddable":true,"href":"https:\/\/plazajuarez.mx\/historico\/wp-json\/wp\/v2\/users\/81"}],"replies":[{"embeddable":true,"href":"https:\/\/plazajuarez.mx\/historico\/wp-json\/wp\/v2\/comments?post=271226"}],"version-history":[{"count":0,"href":"https:\/\/plazajuarez.mx\/historico\/wp-json\/wp\/v2\/posts\/271226\/revisions"}],"wp:featuredmedia":[{"embeddable":true,"href":"https:\/\/plazajuarez.mx\/historico\/wp-json\/wp\/v2\/media\/271227"}],"wp:attachment":[{"href":"https:\/\/plazajuarez.mx\/historico\/wp-json\/wp\/v2\/media?parent=271226"}],"wp:term":[{"taxonomy":"category","embeddable":true,"href":"https:\/\/plazajuarez.mx\/historico\/wp-json\/wp\/v2\/categories?post=271226"},{"taxonomy":"post_tag","embeddable":true,"href":"https:\/\/plazajuarez.mx\/historico\/wp-json\/wp\/v2\/tags?post=271226"}],"curies":[{"name":"wp","href":"https:\/\/api.w.org\/{rel}","templated":true}]}}