{"id":271222,"date":"2023-07-20T05:36:00","date_gmt":"2023-07-20T11:36:00","guid":{"rendered":"https:\/\/plazajuarez.mx\/?p=271222"},"modified":"2023-07-19T20:40:51","modified_gmt":"2023-07-20T02:40:51","slug":"celebran-eliminacion-parcial-de-prision-preventiva-en-18-estados","status":"publish","type":"post","link":"https:\/\/plazajuarez.mx\/historico\/celebran-eliminacion-parcial-de-prision-preventiva-en-18-estados\/","title":{"rendered":"Celebran eliminaci\u00f3n parcial de prisi\u00f3n preventiva en 18 estados"},"content":{"rendered":"\n<p><br><\/p>\n\n\n\n<p>Luego de que se eliminara la prisi\u00f3n preventiva oficiosa de forma autom\u00e1tica en 18 estados mexicanos, Amnist\u00eda Internacional (AI) se congratul\u00f3 por la medida adoptada, aunque no quit\u00f3 el dedo del rengl\u00f3n y exigi\u00f3 fortalecer todo el sistema judicial del pa\u00eds.<\/p>\n\n\n\n<p>\u201cAmnist\u00eda Internacional llama al Estado mexicano a fortalecer un sistema de justicia que privilegie y garantice los derechos humanos\u201d, se\u00f1al\u00f3 la organizaci\u00f3n.<\/p>\n\n\n\n<p>La figura de la prisi\u00f3n preventiva ha causado pol\u00e9mica entre organizaciones nacionales e internacionales, ya que permite la privaci\u00f3n de la libertad autom\u00e1tica de personas acusadas de cometer delitos graves, sin que existan cargos o evidencias por un periodo de hasta 80 d\u00edas, mientras se llevan a cabo las investigaciones ministeriales pertinentes.<\/p>\n\n\n\n<p>Sin embargo, el viernes pasado el Pleno Regional en materia penal de la Regi\u00f3n Centro-Norte del Poder Judicial mexicano, con sede en Ciudad M\u00e9xico, determin\u00f3 que es permisible conceder la suspensi\u00f3n de la medida cautelar cuando se interponga un recurso de amparo.<\/p>\n","protected":false},"excerpt":{"rendered":"<p>Luego de que se eliminara la prisi\u00f3n preventiva oficiosa de forma autom\u00e1tica en 18 estados mexicanos, Amnist\u00eda Internacional (AI) se congratul\u00f3 por la medida adoptada, aunque no quit\u00f3 el dedo del rengl\u00f3n y exigi\u00f3 fortalecer todo el sistema judicial del pa\u00eds. \u201cAmnist\u00eda Internacional llama al Estado mexicano a fortalecer un sistema de justicia que privilegie [&hellip;]<\/p>\n","protected":false},"author":80,"featured_media":271223,"comment_status":"closed","ping_status":"closed","sticky":false,"template":"","format":"standard","meta":{"footnotes":""},"categories":[36],"tags":[],"class_list":["post-271222","post","type-post","status-publish","format-standard","has-post-thumbnail","hentry","category-nacion"],"_links":{"self":[{"href":"https:\/\/plazajuarez.mx\/historico\/wp-json\/wp\/v2\/posts\/271222","targetHints":{"allow":["GET"]}}],"collection":[{"href":"https:\/\/plazajuarez.mx\/historico\/wp-json\/wp\/v2\/posts"}],"about":[{"href":"https:\/\/plazajuarez.mx\/historico\/wp-json\/wp\/v2\/types\/post"}],"author":[{"embeddable":true,"href":"https:\/\/plazajuarez.mx\/historico\/wp-json\/wp\/v2\/users\/80"}],"replies":[{"embeddable":true,"href":"https:\/\/plazajuarez.mx\/historico\/wp-json\/wp\/v2\/comments?post=271222"}],"version-history":[{"count":0,"href":"https:\/\/plazajuarez.mx\/historico\/wp-json\/wp\/v2\/posts\/271222\/revisions"}],"wp:featuredmedia":[{"embeddable":true,"href":"https:\/\/plazajuarez.mx\/historico\/wp-json\/wp\/v2\/media\/271223"}],"wp:attachment":[{"href":"https:\/\/plazajuarez.mx\/historico\/wp-json\/wp\/v2\/media?parent=271222"}],"wp:term":[{"taxonomy":"category","embeddable":true,"href":"https:\/\/plazajuarez.mx\/historico\/wp-json\/wp\/v2\/categories?post=271222"},{"taxonomy":"post_tag","embeddable":true,"href":"https:\/\/plazajuarez.mx\/historico\/wp-json\/wp\/v2\/tags?post=271222"}],"curies":[{"name":"wp","href":"https:\/\/api.w.org\/{rel}","templated":true}]}}