{"id":271218,"date":"2023-07-20T05:33:00","date_gmt":"2023-07-20T11:33:00","guid":{"rendered":"https:\/\/plazajuarez.mx\/?p=271218"},"modified":"2023-07-19T20:36:27","modified_gmt":"2023-07-20T02:36:27","slug":"mexico-9","status":"publish","type":"post","link":"https:\/\/plazajuarez.mx\/historico\/mexico-9\/","title":{"rendered":"M\u00e9xico suma 3,285 cr\u00edmenes &#8220;atroces&#8221; durante 2023"},"content":{"rendered":"\n<p>Durante el primer semestre de 2023, M\u00e9xico registr\u00f3 al menos 3,285 cr\u00edmenes de \u201cextrema violencia\u201d, con un promedio de 18 \u201catrocidades\u201d diarias y un acumulado de 226 masacres, inform\u00f3 ayer la organizaci\u00f3n Causa en Com\u00fan, especializada en seguridad.<\/p>\n\n\n\n<p>Este fue el resultado del tercer informe en el a\u00f1o del estudio \u201cGaler\u00eda del horror: atrocidades y eventos de alto impacto registrados en medios period\u00edsticos&#8221;, que tambi\u00e9n expuso un alza del 5% respecto de los primeros seis meses de 2022, cuando se reportaron 3,123 de este tipo de sucesos.<\/p>\n\n\n\n<p>Sin embargo, en su comparativo con 2021, la cifra muestra un avance del 24%, luego de pasar de 2,644 atrocidades hace dos a\u00f1os a 3,285 en la primera mitad de 2023.<\/p>\n\n\n\n<p>\u201cEs evidente que la acumulaci\u00f3n de violencias y atrocidades refleja patolog\u00edas graves que presentan un reto social may\u00fasculo\u201d, se lee en el informe.<\/p>\n\n\n\n<p>Entre los tipos de crueldad registrados en 2,822 notas period\u00edsticas, la tortura fue la que encabez\u00f3 la lista con un total de 990 eventos registrados en el periodo enero-junio de 2023.<\/p>\n\n\n\n<p>El asesinato de mujeres con crueldad extrema fue la segunda atrocidad m\u00e1s presente, por encima de la mutilaci\u00f3n, descuartizamiento y destrucci\u00f3n de cad\u00e1veres.<\/p>\n\n\n\n<p>El informe de atrocidades tambi\u00e9n destac\u00f3 que en el mismo periodo se difundieron al menos 226 masacres en todo el territorio mexicano.&nbsp;<\/p>\n\n\n\n<p>Adem\u00e1s, consign\u00f3 265 actos violentos contra la autoridad, 209 violaciones agravadas, 157 fosas clandestinas, 134 asesinatos de menores de edad, 129 calentamientos, 126 asesinatos de funcionarios o actores relevantes en materia de seguridad, entre otros.<\/p>\n","protected":false},"excerpt":{"rendered":"<p>Durante el primer semestre de 2023, M\u00e9xico registr\u00f3 al menos 3,285 cr\u00edmenes de \u201cextrema violencia\u201d, con un promedio de 18 \u201catrocidades\u201d diarias y un acumulado de 226 masacres, inform\u00f3 ayer la organizaci\u00f3n Causa en Com\u00fan, especializada en seguridad. Este fue el resultado del tercer informe en el a\u00f1o del estudio \u201cGaler\u00eda del horror: atrocidades y [&hellip;]<\/p>\n","protected":false},"author":80,"featured_media":271219,"comment_status":"closed","ping_status":"closed","sticky":false,"template":"","format":"standard","meta":{"footnotes":""},"categories":[36],"tags":[],"class_list":["post-271218","post","type-post","status-publish","format-standard","has-post-thumbnail","hentry","category-nacion"],"_links":{"self":[{"href":"https:\/\/plazajuarez.mx\/historico\/wp-json\/wp\/v2\/posts\/271218","targetHints":{"allow":["GET"]}}],"collection":[{"href":"https:\/\/plazajuarez.mx\/historico\/wp-json\/wp\/v2\/posts"}],"about":[{"href":"https:\/\/plazajuarez.mx\/historico\/wp-json\/wp\/v2\/types\/post"}],"author":[{"embeddable":true,"href":"https:\/\/plazajuarez.mx\/historico\/wp-json\/wp\/v2\/users\/80"}],"replies":[{"embeddable":true,"href":"https:\/\/plazajuarez.mx\/historico\/wp-json\/wp\/v2\/comments?post=271218"}],"version-history":[{"count":0,"href":"https:\/\/plazajuarez.mx\/historico\/wp-json\/wp\/v2\/posts\/271218\/revisions"}],"wp:featuredmedia":[{"embeddable":true,"href":"https:\/\/plazajuarez.mx\/historico\/wp-json\/wp\/v2\/media\/271219"}],"wp:attachment":[{"href":"https:\/\/plazajuarez.mx\/historico\/wp-json\/wp\/v2\/media?parent=271218"}],"wp:term":[{"taxonomy":"category","embeddable":true,"href":"https:\/\/plazajuarez.mx\/historico\/wp-json\/wp\/v2\/categories?post=271218"},{"taxonomy":"post_tag","embeddable":true,"href":"https:\/\/plazajuarez.mx\/historico\/wp-json\/wp\/v2\/tags?post=271218"}],"curies":[{"name":"wp","href":"https:\/\/api.w.org\/{rel}","templated":true}]}}