{"id":271199,"date":"2023-07-19T20:29:17","date_gmt":"2023-07-20T02:29:17","guid":{"rendered":"https:\/\/plazajuarez.mx\/?p=271199"},"modified":"2023-07-19T20:29:19","modified_gmt":"2023-07-20T02:29:19","slug":"sansores-cometio-violencia-politica-contra-diputadas-resuelve-tepjf","status":"publish","type":"post","link":"https:\/\/plazajuarez.mx\/historico\/sansores-cometio-violencia-politica-contra-diputadas-resuelve-tepjf\/","title":{"rendered":"Sansores cometi\u00f3 violencia pol\u00edtica contra diputadas, resuelve TEPJF"},"content":{"rendered":"\n<p>La Sala Superior del Tribunal Electoral del Poder Judicial de la Federaci\u00f3n (TEPJF) confirm\u00f3 que la gobernadora de Campeche, Layda Sansores, cometi\u00f3 violencia pol\u00edtica de g\u00e9nero en contra de diputadas federales del PRI, por lo que debe ser inscrita en el registro de personas sancionadas por violencia pol\u00edtica de g\u00e9nero.<\/p>\n\n\n\n<p>El asunto se origin\u00f3 porque las diputadas federales del PRI denunciaron a la gobernadora de Campeche por expresiones difundidas en un episodio del programa &#8220;Martes del Jaguar&#8221;, en las que asegur\u00f3 que algunas legisladoras enviaron fotograf\u00edas \u00edntimas al presidente de este partido, Alejandro Moreno, a cambio de favores pol\u00edticos.<\/p>\n\n\n\n<p>En ese momento, la Sala Superior determin\u00f3 que los derechos de las diputadas del PRI fueron afectados y orden\u00f3 la adopci\u00f3n de medidas para proteger y reparar dichas afectaciones.<\/p>\n\n\n\n<p>En tanto, la Sala Regional Especializada determin\u00f3 que hubo violencia pol\u00edtica de g\u00e9nero en perjuicio de las diputadas, lo cual llev\u00f3 a la imposici\u00f3n de sanciones econ\u00f3micas a las personas responsables y a su inclusi\u00f3n en el registro de personas sancionadas.<\/p>\n\n\n\n<p>En la impugnaci\u00f3n del caso, la Sala Superior confirm\u00f3 que las expresiones que fueron denunciadas s\u00ed constituyeron violencia pol\u00edtica de g\u00e9nero y reafirm\u00f3 la necesidad de inscribir a la gobernadora y las dem\u00e1s personas responsables en el registro de personas sancionadas, por un periodo que deber\u00e1 determinar la Sala Especializada.<\/p>\n\n\n\n<p>Por otra parte, se acord\u00f3 no imponer medidas de reparaci\u00f3n ya que estas fueron aprobadas en un asunto anterior.<\/p>\n","protected":false},"excerpt":{"rendered":"<p>La Sala Superior del Tribunal Electoral del Poder Judicial de la Federaci\u00f3n (TEPJF) confirm\u00f3 que la gobernadora de Campeche, Layda Sansores, cometi\u00f3 violencia pol\u00edtica de g\u00e9nero en contra de diputadas federales del PRI, por lo que debe ser inscrita en el registro de personas sancionadas por violencia pol\u00edtica de g\u00e9nero. El asunto se origin\u00f3 porque [&hellip;]<\/p>\n","protected":false},"author":81,"featured_media":271213,"comment_status":"closed","ping_status":"closed","sticky":false,"template":"","format":"standard","meta":{"footnotes":""},"categories":[37],"tags":[],"class_list":["post-271199","post","type-post","status-publish","format-standard","has-post-thumbnail","hentry","category-barandilla"],"_links":{"self":[{"href":"https:\/\/plazajuarez.mx\/historico\/wp-json\/wp\/v2\/posts\/271199","targetHints":{"allow":["GET"]}}],"collection":[{"href":"https:\/\/plazajuarez.mx\/historico\/wp-json\/wp\/v2\/posts"}],"about":[{"href":"https:\/\/plazajuarez.mx\/historico\/wp-json\/wp\/v2\/types\/post"}],"author":[{"embeddable":true,"href":"https:\/\/plazajuarez.mx\/historico\/wp-json\/wp\/v2\/users\/81"}],"replies":[{"embeddable":true,"href":"https:\/\/plazajuarez.mx\/historico\/wp-json\/wp\/v2\/comments?post=271199"}],"version-history":[{"count":0,"href":"https:\/\/plazajuarez.mx\/historico\/wp-json\/wp\/v2\/posts\/271199\/revisions"}],"wp:featuredmedia":[{"embeddable":true,"href":"https:\/\/plazajuarez.mx\/historico\/wp-json\/wp\/v2\/media\/271213"}],"wp:attachment":[{"href":"https:\/\/plazajuarez.mx\/historico\/wp-json\/wp\/v2\/media?parent=271199"}],"wp:term":[{"taxonomy":"category","embeddable":true,"href":"https:\/\/plazajuarez.mx\/historico\/wp-json\/wp\/v2\/categories?post=271199"},{"taxonomy":"post_tag","embeddable":true,"href":"https:\/\/plazajuarez.mx\/historico\/wp-json\/wp\/v2\/tags?post=271199"}],"curies":[{"name":"wp","href":"https:\/\/api.w.org\/{rel}","templated":true}]}}